{"id":971,"date":"2014-05-16T20:23:08","date_gmt":"2014-05-16T19:23:08","guid":{"rendered":"http:\/\/grandissons.org\/?p=971"},"modified":"2015-03-07T21:07:57","modified_gmt":"2015-03-07T20:07:57","slug":"se-faire-operer-du-sein-en-cours-dallaitement-oui-cest-possible","status":"publish","type":"post","link":"https:\/\/grandissons.org\/?p=971","title":{"rendered":"Se faire op\u00e9rer du sein en cours d\u2019allaitement ? Oui, c\u2019est possible !"},"content":{"rendered":"<p style=\"text-align: center;\"><em>Par Vicky<\/em><\/p>\n<p style=\"text-align: justify;\"><em>[Nous sommes tr\u00e8s honor\u00e9es de partager avec vous le t\u00e9moignage que nous a offert Vicky. C&rsquo;est un texte tr\u00e8s fort et tr\u00e8s n\u00e9cessaire en ce qu&rsquo;il apporte d&rsquo;informations, mais aussi de volont\u00e9 et de pers\u00e9v\u00e9rance. Un grand merci \u00e0 elle.]<\/em><\/p>\n<p><em><a href=\"http:\/\/grandissons.org\/wp-content\/uploads\/2014\/05\/photo-7.jpg\"><img decoding=\"async\" loading=\"lazy\" class=\"size-medium wp-image-972 aligncenter\" src=\"http:\/\/grandissons.org\/wp-content\/uploads\/2014\/05\/photo-7-300x225.jpg\" alt=\"photo-7\" width=\"300\" height=\"225\" srcset=\"https:\/\/grandissons.org\/wp-content\/uploads\/2014\/05\/photo-7-300x225.jpg 300w, https:\/\/grandissons.org\/wp-content\/uploads\/2014\/05\/photo-7.jpg 1024w\" sizes=\"(max-width: 300px) 100vw, 300px\" \/><\/a><\/em><\/p>\n<p style=\"text-align: justify;\"><span style=\"line-height: 1.5em;\">Fin avril 2013, alors que j\u2019\u00e9tais <strong>enceinte de 7 mois et demi, je d\u00e9couvre une petite boule sur mon sein gauche<\/strong>. Le c\u0153ur battant \u00e0 toute allure, je file \u00e0 ma maternit\u00e9 pour voir un gyn\u00e9cologue. <em>Cela n\u2019a pas l\u2019air bien grave mais faites une \u00e9cho quand m\u00eame<\/em>. L\u2019\u00e9chographie donne quelques indications qui me conduisent \u00e0 faire une ponction pour effectuer une biopsie. Tumeur phyllode, <strong>une tumeur du sein tr\u00e8s rare<\/strong>, b\u00e9nigne \u00e0 priori, mais qui n\u00e9cessite une op\u00e9ration dans des d\u00e9lais brefs, car elle a tendance \u00e0 devenir agressive. Et puis tant qu\u2019on ne l\u2019a pas enlev\u00e9e et toute biopsi\u00e9e on ne peut \u00eatre totalement s\u00fbrs que ce n\u2019est pas un cancer.<\/span><\/p>\n<p style=\"text-align: justify;\">Tous ces examens se sont pass\u00e9s en dehors de la maternit\u00e9, c\u2019est une amie gyn\u00e9cologue qui m\u2019a guid\u00e9e. J\u2019ai transmis les r\u00e9sultats \u00e0 la maternit\u00e9 et j\u2019ai attendu le verdict. Une m\u00e9decin m\u2019a appel\u00e9e. C\u2019\u00e9tait un mercredi. Elle m\u2019a dit\u00a0: \u00ab\u00a0<em>nous avons discut\u00e9 de votre cas ce matin et nous vous proposons de vous d\u00e9clencher la semaine prochaine, on vous op\u00e9rera un ou deux jours plus tard. Par contre il n\u2019est pas question d\u2019allaiter car si vous avez votre mont\u00e9e de lait, on ne pourra pas op\u00e9rer. Vous ferez une t\u00e9t\u00e9e de bienvenue et apr\u00e8s on vous donnera des m\u00e9dicaments pour arr\u00eater la mont\u00e9e de lait.\u00a0<\/em>\u00bb <strong>Je me suis effondr\u00e9e<\/strong>, je me suis mise \u00e0 pleurer, au t\u00e9l\u00e9phone. \u00ab\u00a0<em>Mais vous savez, allaiter c\u2019est trop important pour moi, \u00e7a me tracasse ce que vous me dites\u00a0<\/em>\u00bb. \u00ab\u00a0<em>Moi ce qui me tracasse c\u2019est votre tumeur madame, vous avez une chance sur trois d\u2019avoir un cancer, on ne peut pas attendre. Prenez un deuxi\u00e8me avis si vous le souhaitez et appelez-nous lundi pour nous donner votre r\u00e9ponse<\/em>\u00a0\u00bb. <strong>Autorit\u00e9 m\u00e9dicale<\/strong>, peut-\u00eatre la forme d\u2019autorit\u00e9 que je d\u00e9teste le plus\u2026<\/p>\n<p style=\"text-align: justify;\">Ce n\u2019est pas le moment de pleurer, je prends mon t\u00e9l\u00e9phone, <strong>je trouve les bons interlocuteurs<\/strong> et j\u2019arrive un choper un rendez-vous pour vendredi avec le super sp\u00e9cialiste du cancer du sein pendant la grossesse \u00e0 Paris\u00a0! Jeudi, la m\u00eame m\u00e9decin (\u00e0 qui l\u2019on n\u2019a pas expliqu\u00e9 que tout n\u2019est pas bon \u00e0 dire au t\u00e9l\u00e9phone) laisse un message sur mon r\u00e9pondeur\u00a0: \u00ab\u00a0<em>nous avons d\u00e9cid\u00e9 de vous d\u00e9clencher lundi finalement parce qu\u2019apr\u00e8s on tombera sur le week-end pour votre op\u00e9ration et ce sera plus compliqu\u00e9<\/em>.<em> Venez demain matin en discuter avec le chef de service.<\/em>\u00a0\u00bb <strong>Deuxi\u00e8me effondrement.<\/strong><\/p>\n<p style=\"text-align: justify;\">Le lendemain matin je vais \u00e0 mon rendez-vous\u00a0avec mon super sp\u00e9cialiste, avant d\u2019encha\u00eener avec la maternit\u00e9. Il est rassurant, <strong>il pense que je ne cours aucun danger imminent, que je peux accoucher normalement, quand mon b\u00e9b\u00e9 sera pr\u00eat, que je pourrai allaiter un mois et refaire une \u00e9cho.<\/strong> Si la boule a grossi, arr\u00eat de l\u2019allaitement et op\u00e9ration. Sinon je peux prendre encore un petit mois pour allaiter. Et apr\u00e8s basta. Je suis heureuse, je pourrai allaiter\u00a0! Peut-\u00eatre un seul mois, ou deux mais c\u2019est mieux que rien, j\u2019en suis ravie. J\u2019explique tout \u00e7a \u00e0 la maternit\u00e9, pas de probl\u00e8me, on fait comme vous le sentez.<\/p>\n<p style=\"text-align: justify;\"><strong>J\u2019accouche, j\u2019ai un beau b\u00e9b\u00e9, un magnifique b\u00e9b\u00e9 qui t\u00e8te tr\u00e8s bien,<\/strong> qui grossit comme il faut, m\u00eame plus. Et la fin prochaine de l\u2019allaitement me travaille, me frustre, ne me laisse pas pleinement en profiter. <strong>Ce n\u2019est pas l\u2019op\u00e9ration qui me tracasse, ce n\u2019est pas l\u2019\u00e9ventualit\u00e9 d\u2019un cancer, c\u2019est la fin de l\u2019allaitement.<\/strong> Je me rends bien compte que ce n\u2019est pas normal mais c\u2019est ainsi que je vivais la chose. Je n\u2019ai pas envie de sevrer mon b\u00e9b\u00e9, du coup je commence \u00e0 n\u00e9gocier avec mon m\u00e9decin\u00a0: \u00ab\u00a0<em>et si je n\u2019arr\u00eatais pas d\u2019allaiter\u00a0?<\/em>\u00a0\u00bb \u00ab\u00a0<em>Ce n\u2019est pas possible, vous ne pourrez pas cicatriser, il y aura du lait qui coulera, vous vous infecterez et on devra vous re-ouvrir.<\/em> \u00bb\u00a0Oui, mais je n\u2019ai quand m\u00eame pas envie de m\u2019y plier. En plus je sais que les m\u00e9decins, aussi comp\u00e9tents soient-ils dans leur domaine, ne s\u2019y connaissent pas bien en lactation et allaitement. Alors je m\u2019adresse aux sp\u00e9cialistes\u00a0: consultante en lactation, Leche League de ma ville, Docteur Marie Thirion. <strong>Oui, vous pouvez sevrer d\u2019un seul sein, c\u2019est possible.<\/strong><\/p>\n<p style=\"text-align: justify;\">Le premier mois est vite pass\u00e9, l\u2019heure du verdict est arriv\u00e9\u00a0: <strong>la boule a doubl\u00e9 de taille, il faut op\u00e9rer au plus vite<\/strong>. Je programme l\u2019op\u00e9ration trois semaines plus tard (fin ao\u00fbt) pour pouvoir partir en vacances et avoir le temps d\u2019arr\u00eater le lait au sein gauche. Il a eu sa derni\u00e8re t\u00e9t\u00e9e de ce c\u00f4t\u00e9-l\u00e0 dans la salle d\u2019attente du cabinet d\u2019\u00e9chographie.<\/p>\n<p style=\"text-align: justify;\">\u00c7a a \u00e9t\u00e9 long et un peu compliqu\u00e9 mais \u00e7a a march\u00e9\u00a0! Il y avait toujours un peu de lait qui sortait du sein gauche mais je trouvais que c\u2019\u00e9tait n\u00e9gligeable. <strong>Mon chirurgien a \u00e9t\u00e9 tr\u00e8s surpris d\u2019apprendre (juste avant de m\u2019endormir) ce que j\u2019avais mis au point\u00a0!<\/strong> Mais il m\u2019a op\u00e9r\u00e9e quand m\u00eame\u00a0!<\/p>\n<p style=\"text-align: justify;\">Le jour de l\u2019op\u00e9ration j\u2019ai d\u00fb tirer mon lait et le jeter pour \u00e9liminer les produits anesth\u00e9siques. Le soir j\u2019ai allait\u00e9 mon fils. <strong>Il a dix mois aujourd\u2019hui et je l\u2019allaite toujours\u00a0!<\/strong> Le chirurgien avait raison sur toute la ligne\u00a0: du lait a coul\u00e9 par ma cicatrice pendant deux mois et j\u2019ai eu une infection. Mais elle a \u00e9t\u00e9 facilement trait\u00e9e par antibiotiques et, finalement, deux mois et demi plus tard le \u00ab\u00a0petit trou\u00a0\u00bb s\u2019est referm\u00e9. <strong>Et en plus ce n\u2019\u00e9tait pas un cancer\u00a0!<\/strong><\/p>\n<p style=\"text-align: justify;\">\n<p style=\"text-align: justify;\"><strong>Si j\u2019ai souhait\u00e9 livrer ce t\u00e9moignage<\/strong> c\u2019est parce que, d\u2019une part, je n\u2019ai r\u00e9ussi \u00e0 trouver aucune information sur le net pendant la p\u00e9riode de mes interrogations sur la possibilit\u00e9 de se faire op\u00e9rer du sein tout en \u00e9tant en cours d\u2019allaitement, et, d\u2019autre part, parce que j\u2019ai rencontr\u00e9 \u00e9norm\u00e9ment de r\u00e9sistance de la part du corps m\u00e9dical et de mon entourage vis-\u00e0-vis de mon envie de continuer d\u2019allaiter malgr\u00e9 tout. Les m\u00e9decins ne voulaient pas prendre de risque et ma famille s\u2019inqui\u00e9tait. Mais <strong>moi j\u2019avais la certitude que c\u2019\u00e9tait possible<\/strong>, il me fallait juste un petit coup d\u2019encouragement par les gens qui sont comp\u00e9tents en allaitement et lactation. Et je l\u2019ai trouv\u00e9.<\/p>\n<p style=\"text-align: justify;\">Si je livre ce t\u00e9moignage c\u2019est pour vous dire\u00a0: <strong>cherchez l\u2019information l\u00e0 o\u00f9 vous pouvez la trouver<\/strong>, ne vous pliez pas \u00e0 l\u2019autorit\u00e9 m\u00e9dicale, nous avons aujourd\u2019hui \u00e9norm\u00e9ment de moyens d\u2019information, n\u2019en d\u00e9plaise aux m\u00e9decins. Si je les avais \u00e9cout\u00e9s j\u2019aurais allait\u00e9 un mois au mieux, pas du tout au pire. <strong>La question n\u2019est pas \u00ab\u00a0allaiter ou pas\u00a0\u00bb, mais disposer de son corps et de sa vie.<\/strong><\/p>\n<p style=\"text-align: justify;\">Merci beaucoup \u00e0 V\u00e9ronique Darmangeat, consultante en lactation dans la r\u00e9gion parisienne, \u00e0 Alice de la Leche League du 92 et au docteur Marie Thirion de m\u2019avoir renseign\u00e9e, encourag\u00e9e et soutenue, ainsi qu\u2019\u00e0 mon fils Aris de m\u2019avoir motiv\u00e9e et confort\u00e9e dans ce choix.<\/p>\n","protected":false},"excerpt":{"rendered":"<p>Par Vicky [Nous sommes tr\u00e8s honor\u00e9es de partager avec vous le t\u00e9moignage que nous a offert Vicky. C&rsquo;est un texte tr\u00e8s fort et tr\u00e8s n\u00e9cessaire en ce qu&rsquo;il apporte d&rsquo;informations, mais aussi de volont\u00e9 et de pers\u00e9v\u00e9rance. Un grand merci \u00e0 elle.] Fin avril 2013, alors que j\u2019\u00e9tais enceinte de 7 mois et demi, je &#8230;<span class=\"read-more\"><a href=\"https:\/\/grandissons.org\/?p=971\">>>Read more<\/a><\/span><\/p>\n","protected":false},"author":1,"featured_media":0,"comment_status":"open","ping_status":"open","sticky":false,"template":"","format":"standard","meta":{"footnotes":""},"categories":[95],"tags":[73,72,74],"_links":{"self":[{"href":"https:\/\/grandissons.org\/index.php?rest_route=\/wp\/v2\/posts\/971"}],"collection":[{"href":"https:\/\/grandissons.org\/index.php?rest_route=\/wp\/v2\/posts"}],"about":[{"href":"https:\/\/grandissons.org\/index.php?rest_route=\/wp\/v2\/types\/post"}],"author":[{"embeddable":true,"href":"https:\/\/grandissons.org\/index.php?rest_route=\/wp\/v2\/users\/1"}],"replies":[{"embeddable":true,"href":"https:\/\/grandissons.org\/index.php?rest_route=%2Fwp%2Fv2%2Fcomments&post=971"}],"version-history":[{"count":6,"href":"https:\/\/grandissons.org\/index.php?rest_route=\/wp\/v2\/posts\/971\/revisions"}],"predecessor-version":[{"id":1847,"href":"https:\/\/grandissons.org\/index.php?rest_route=\/wp\/v2\/posts\/971\/revisions\/1847"}],"wp:attachment":[{"href":"https:\/\/grandissons.org\/index.php?rest_route=%2Fwp%2Fv2%2Fmedia&parent=971"}],"wp:term":[{"taxonomy":"category","embeddable":true,"href":"https:\/\/grandissons.org\/index.php?rest_route=%2Fwp%2Fv2%2Fcategories&post=971"},{"taxonomy":"post_tag","embeddable":true,"href":"https:\/\/grandissons.org\/index.php?rest_route=%2Fwp%2Fv2%2Ftags&post=971"}],"curies":[{"name":"wp","href":"https:\/\/api.w.org\/{rel}","templated":true}]}}