{"id":908,"date":"2014-05-09T10:03:08","date_gmt":"2014-05-09T09:03:08","guid":{"rendered":"http:\/\/grandissons.org\/?p=908"},"modified":"2015-07-24T10:32:30","modified_gmt":"2015-07-24T09:32:30","slug":"nos-trois-porte-bebes-ou-comment-se-reposer-les-bras-en-gardant-bebe-pres-de-soi","status":"publish","type":"post","link":"https:\/\/grandissons.org\/?p=908","title":{"rendered":"Nos trois porte-b\u00e9b\u00e9s, ou comment se reposer les bras en gardant b\u00e9b\u00e9 pr\u00e8s de soi"},"content":{"rendered":"<p style=\"text-align: center;\"><em>Par Lise<\/em><\/p>\n<p><a href=\"http:\/\/grandissons.org\/wp-content\/uploads\/2014\/05\/IMG_0542m.jpg\"><img decoding=\"async\" loading=\"lazy\" class=\"size-medium wp-image-909 aligncenter\" src=\"http:\/\/grandissons.org\/wp-content\/uploads\/2014\/05\/IMG_0542m-300x199.jpg\" alt=\"IMG_0542m\" width=\"300\" height=\"199\" srcset=\"https:\/\/grandissons.org\/wp-content\/uploads\/2014\/05\/IMG_0542m-300x199.jpg 300w, https:\/\/grandissons.org\/wp-content\/uploads\/2014\/05\/IMG_0542m-1024x682.jpg 1024w\" sizes=\"(max-width: 300px) 100vw, 300px\" \/><\/a><\/p>\n<p class=\"MsoNormal\" style=\"text-align: justify;\">Je pense que l\u2019achat que j\u2019ai mis le plus de temps \u00e0 r\u00e9aliser de ma vie a \u00e9t\u00e9 celui de la poussette\u00a0! Je me suis renseign\u00e9e sur internet, blogs, forums, consobaby\u2026 J\u2019y ai pass\u00e9 des heures. Il fallait qu\u2019elle soit l\u00e9g\u00e8re, pliable et compacte, r\u00e9versible pour que je puisse avoir mon b\u00e9b\u00e9 face \u00e0 moi, qu\u2019elle ait des roues un tant soi peu tout-terrain, qu\u2019elle soit associ\u00e9e \u00e0 une coque auto qui ait de tr\u00e8s bons r\u00e9sultats aux crash-tests et \u00e0 une nacelle\u2026 Et je pense que finalement, j\u2019ai pass\u00e9 moins de temps \u00e0 l\u2019utiliser qu\u2019\u00e0 la choisir, sans parler du prix\u00a0! Bon, c\u2019est vrai qu\u2019entre chez moi et la ville, il y a tellement d\u2019escaliers que ce n\u2019est pas propice \u00e0 l\u2019utilisation d\u2019une poussette dans tous les cas. Mais, m\u00eame une fois descendus de notre colline, la moindre vol\u00e9e d\u2019escalier (\u00e0 la gare par exemple\u00a0!), les encombrements dans le tram, les crises de larmes de b\u00e9b\u00e9, tout devient compliqu\u00e9.<\/p>\n<p style=\"text-align: justify;\">Et pourtant, il existe bien un moyen vraiment l\u00e9ger, compact, qui permet de passer partout, de rester en contact avec son b\u00e9b\u00e9 et de le consoler ou m\u00eame faire t\u00e9ter discr\u00e8tement en tout lieu et qui co\u00fbte moins cher\u2026 le portage\u00a0!<\/p>\n<p style=\"text-align: justify;\">J\u2019ai donc envie, aujourd\u2019hui, de vous parler des trois moyens de portage qui nous ont facilit\u00e9 la vie. Mon propos n\u2019est nullement de faire une quelconque publicit\u00e9, seulement de pr\u00e9senter ceux que j\u2019ai test\u00e9s.<\/p>\n<hr \/>\n<p style=\"text-align: justify;\">\n<p class=\"MsoNormal\"><strong>1) L\u2019\u00e9charpe de portage\u00a0<\/strong><\/p>\n<p style=\"text-align: justify;\">La n\u00f4tre\u00a0est une N\u00e9obulle (de fabrication fran\u00e7aise) en serg\u00e9 crois\u00e9 (un tissage qui associe confort et soutien). Les immenses avantages qu\u2019elle nous a offerts ont \u00e9t\u00e9 de nous donner un moyen d\u2019apaiser mini-nourrissonne et de sortir bri\u00e8vement sans mettre en marche la mise en place de la grosse poussette. J\u2019ai m\u00eame le souvenir de quelques siestes, o\u00f9 j\u2019\u00e9tais moi-m\u00eame allong\u00e9e, Stella endormie contre moi dans l\u2019\u00e9charpe. Et puis le simple fait de savoir que je pouvais utiliser l\u2019\u00e9charpe lorsque b\u00e9b\u00e9 pleurait trop fort m\u2019a \u00e9norm\u00e9ment rassur\u00e9e les premi\u00e8res semaines.<\/p>\n<p style=\"text-align: justify;\">Les inconv\u00e9nients, dans mon cas, ont \u00e9t\u00e9 la douleur au dos suite \u00e0 la grossesse, qui ne m\u2019a pas permis de porter autant que je l\u2019aurais souhait\u00e9, et le manque d\u2019aisance avec la mise en place des n\u0153uds (que le manque d\u2019entra\u00eenement n\u2019a pas aid\u00e9 \u00e0 am\u00e9liorer\u00a0!) Il y a aussi eu une p\u00e9riode, vers 3 mois, o\u00f9 la demoiselle se tordait en arri\u00e8re et n\u2019appr\u00e9ciait pas trop d\u2019\u00eatre ainsi attach\u00e9e, m\u00eame si cela n\u2019a pas dur\u00e9.<\/p>\n<p><a href=\"http:\/\/grandissons.org\/wp-content\/uploads\/2014\/05\/echarpe.jpg\"><img decoding=\"async\" loading=\"lazy\" class=\"size-medium wp-image-980 aligncenter\" src=\"http:\/\/grandissons.org\/wp-content\/uploads\/2014\/05\/echarpe-300x225.jpg\" alt=\"echarpe\" width=\"300\" height=\"225\" srcset=\"https:\/\/grandissons.org\/wp-content\/uploads\/2014\/05\/echarpe-300x225.jpg 300w, https:\/\/grandissons.org\/wp-content\/uploads\/2014\/05\/echarpe-1024x768.jpg 1024w\" sizes=\"(max-width: 300px) 100vw, 300px\" \/><\/a><\/p>\n<hr \/>\n<p class=\"MsoNormal\">\n<p class=\"MsoNormal\"><strong>2) Le Manduca<\/strong><\/p>\n<p style=\"text-align: justify;\">Celui-l\u00e0, il nous accompagne non-stop depuis que la demoiselle a 5 mois (elle en a aujourd\u2019hui 19, mais on n\u2019est pas pr\u00eats de s\u2019arr\u00eater de s\u2019en servir). Je crois que c\u2019est l\u2019objet qu\u2019on a le plus utilis\u00e9 et aim\u00e9. Il a conquis le papa, qui, un peu r\u00e9ticent aux n\u0153uds de l\u2019\u00e9charpe, s\u2019est mis \u00e0 porter sans compter, il a conquis le b\u00e9b\u00e9, et il m\u2019a conquise. J\u2019ai port\u00e9 devant jusqu\u2019\u00e0 environ 8 mois, puis en alternance devant ou derri\u00e8re jusqu\u2019\u00e0 13 mois, et \u00e0 pr\u00e9sent (12 kg), je porte presque essentiellement dans le dos. Avec le Manduca, on peut bavarder (m\u00eame si cela demande une certaine souplesse du dos quand b\u00e9b\u00e9 est derri\u00e8re), on peut t\u00e9ter (en cas de portage devant, bien entendu, la nature \u00e9tant ce qu\u2019elle est), on peut se faufiler partout, on peut prendre le train et l\u2019avion en voyageant l\u00e9ger\u2026 Quand b\u00e9b\u00e9 marche, on peut le laisser monter et descendre \u00e0 volont\u00e9 en quelques instants, et, tout le temps qu\u2019il est par terre, on a les mains libres. Bon, un seul inconv\u00e9nient\u00a0: il faut porter le sac. On peut aussi varier la mani\u00e8re de clipper les bretelles, ainsi que les serrages, de sorte \u00e0 varier les appuis. M\u00eame en randonn\u00e9e, nous, on aime notre Manduca. Oui, on a un peu chaud, mais c\u2019est bien moins lourd que tout autre moyen.<\/p>\n<hr \/>\n<p style=\"text-align: justify;\">\n<p class=\"MsoNormal\"><strong>3) Le Suppori<\/strong><\/p>\n<p style=\"text-align: justify;\">Il s\u2019agit d\u2019une sorte de filet qui se porte en bandouli\u00e8re. Il doit peser dans les 300 grammes, ce qui permet de l\u2019emmener vraiment partout, et il est en synth\u00e9tique, ce qui permet de se baigner avec. Bon, ce n\u2019est qu\u2019un portage d\u2019appoint, mais suffisamment confortable pour aider dans bien des situations. Au d\u00e9part, nous l\u2019avons utilis\u00e9 \u00e0 la piscine et \u00e0 la mer, quand la Loutre (de 8 \u00e0 12 mois) n\u2019\u00e9tait pas tr\u00e8s rassur\u00e9e. Depuis qu\u2019elle marche, il nous accompagne partout, quand on sait qu\u2019il faudra la porter seulement quelques instants. C\u2019est bien plus vite install\u00e9 que le Manduca (on l\u2019enfile, on glisse b\u00e9b\u00e9 dedans, et c\u2019est fait\u00a0!), et cela fatigue beaucoup moins que juste avec les bras quand b\u00e9b\u00e9 est un peu lourd. Pour transporter des objets en portant un mini qui ne veut plus marcher, pour achever une promenade trop fatigante, pour faire un c\u00e2lin vraiment tr\u00e8s long, pour t\u00e9ter debout, pour prendre l\u2019avion (quand b\u00e9b\u00e9 marche, c\u2019est ce qu\u2019il y a de plus simple, vu qu\u2019il faut le d\u00e9tacher au contr\u00f4le, puis le remettre, puis le re-laisser se d\u00e9gourdir les pattes, puis le re-remettre, puis le re-d\u00e9tacher pour le mettre sur son si\u00e8ge, tout en portant au moins un bagage\u2026), ou pour tenir dans des bras un grand b\u00e9b\u00e9 qui ne marche pas encore mais qui aime bien \u00eatre transport\u00e9 dans la maison\u2026.<\/p>\n<p><a href=\"http:\/\/grandissons.org\/wp-content\/uploads\/2014\/05\/SAM_2686.jpg\"><img decoding=\"async\" loading=\"lazy\" class=\"size-medium wp-image-979 aligncenter\" src=\"http:\/\/grandissons.org\/wp-content\/uploads\/2014\/05\/SAM_2686-300x225.jpg\" alt=\"\" width=\"300\" height=\"225\" srcset=\"https:\/\/grandissons.org\/wp-content\/uploads\/2014\/05\/SAM_2686-300x225.jpg 300w, https:\/\/grandissons.org\/wp-content\/uploads\/2014\/05\/SAM_2686-1024x768.jpg 1024w, https:\/\/grandissons.org\/wp-content\/uploads\/2014\/05\/SAM_2686.jpg 2048w\" sizes=\"(max-width: 300px) 100vw, 300px\" \/><\/a><\/p>\n<p style=\"text-align: justify;\">Voil\u00e0. Si vous aussi vous avez des coups de c\u0153ur portage \u00e0 nous communiquer ou des commentaires, ou m\u00eame des questions, n\u2019h\u00e9sitez pas \u00e0 laisser un commentaire ci-dessous\u00a0!<\/p>\n","protected":false},"excerpt":{"rendered":"<p>Par Lise Je pense que l\u2019achat que j\u2019ai mis le plus de temps \u00e0 r\u00e9aliser de ma vie a \u00e9t\u00e9 celui de la poussette\u00a0! Je me suis renseign\u00e9e sur internet, blogs, forums, consobaby\u2026 J\u2019y ai pass\u00e9 des heures. Il fallait qu\u2019elle soit l\u00e9g\u00e8re, pliable et compacte, r\u00e9versible pour que je puisse avoir mon b\u00e9b\u00e9 face &#8230;<span class=\"read-more\"><a href=\"https:\/\/grandissons.org\/?p=908\">>>Read more<\/a><\/span><\/p>\n","protected":false},"author":1,"featured_media":0,"comment_status":"open","ping_status":"open","sticky":false,"template":"","format":"standard","meta":{"footnotes":""},"categories":[50,13],"tags":[9,3,8],"_links":{"self":[{"href":"https:\/\/grandissons.org\/index.php?rest_route=\/wp\/v2\/posts\/908"}],"collection":[{"href":"https:\/\/grandissons.org\/index.php?rest_route=\/wp\/v2\/posts"}],"about":[{"href":"https:\/\/grandissons.org\/index.php?rest_route=\/wp\/v2\/types\/post"}],"author":[{"embeddable":true,"href":"https:\/\/grandissons.org\/index.php?rest_route=\/wp\/v2\/users\/1"}],"replies":[{"embeddable":true,"href":"https:\/\/grandissons.org\/index.php?rest_route=%2Fwp%2Fv2%2Fcomments&post=908"}],"version-history":[{"count":7,"href":"https:\/\/grandissons.org\/index.php?rest_route=\/wp\/v2\/posts\/908\/revisions"}],"predecessor-version":[{"id":2339,"href":"https:\/\/grandissons.org\/index.php?rest_route=\/wp\/v2\/posts\/908\/revisions\/2339"}],"wp:attachment":[{"href":"https:\/\/grandissons.org\/index.php?rest_route=%2Fwp%2Fv2%2Fmedia&parent=908"}],"wp:term":[{"taxonomy":"category","embeddable":true,"href":"https:\/\/grandissons.org\/index.php?rest_route=%2Fwp%2Fv2%2Fcategories&post=908"},{"taxonomy":"post_tag","embeddable":true,"href":"https:\/\/grandissons.org\/index.php?rest_route=%2Fwp%2Fv2%2Ftags&post=908"}],"curies":[{"name":"wp","href":"https:\/\/api.w.org\/{rel}","templated":true}]}}