{"id":4048,"date":"2021-04-27T10:00:04","date_gmt":"2021-04-27T09:00:04","guid":{"rendered":"https:\/\/grandissons.org\/?p=4048"},"modified":"2021-04-27T10:00:05","modified_gmt":"2021-04-27T09:00:05","slug":"jnve-le-respect-pour-qui-pourquoi-comment","status":"publish","type":"post","link":"https:\/\/grandissons.org\/?p=4048","title":{"rendered":"JNVE &#8211; LE RESPECT : Pour qui ? Pourquoi ? Comment ?"},"content":{"rendered":"\n<figure class=\"wp-block-image size-large\"><img decoding=\"async\" loading=\"lazy\" width=\"1024\" height=\"576\" src=\"https:\/\/grandissons.org\/wp-content\/uploads\/2021\/04\/179440313_792215864833514_8059282801167827687_n-1-1024x576.png\" alt=\"\" class=\"wp-image-4049\" srcset=\"https:\/\/grandissons.org\/wp-content\/uploads\/2021\/04\/179440313_792215864833514_8059282801167827687_n-1-1024x576.png 1024w, https:\/\/grandissons.org\/wp-content\/uploads\/2021\/04\/179440313_792215864833514_8059282801167827687_n-1-300x169.png 300w, https:\/\/grandissons.org\/wp-content\/uploads\/2021\/04\/179440313_792215864833514_8059282801167827687_n-1-768x432.png 768w, https:\/\/grandissons.org\/wp-content\/uploads\/2021\/04\/179440313_792215864833514_8059282801167827687_n-1-133x75.png 133w, https:\/\/grandissons.org\/wp-content\/uploads\/2021\/04\/179440313_792215864833514_8059282801167827687_n-1.png 1472w\" sizes=\"(max-width: 1024px) 100vw, 1024px\" \/><\/figure>\n\n\n\n<p> Pour la Journ\u00e9e de la Non-Violence \u00c9ducative, Grandissons vous propose une table ronde participative sur le th\u00e8me du RESPECT. Qu\u2019est-ce que le respect ? Qui est concern\u00e9 ? Comment est-ce qu\u2019il se manifeste et comment est-ce qu\u2019il se per\u00e7oit ? Est-ce que \u00e7a s\u2019apprend ? Est-ce que \u00e7a se doit ? Et dans les classes, comment \u00e7a se passe ?B\u00e9b\u00e9s, enfants, ados, adultes, parents, enseignants, grand-parents\u2026 toutes et tous concern\u00e9\u00b7e\u00b7s pour le manifester et pour le recevoir, pour vivre ensemble. <\/p>\n\n\n\n<p>Venez en parler avec nous, exprimer vos interrogations, vos difficult\u00e9s ou vos r\u00e9ussites !D\u00e9bat anim\u00e9 par Lise, co-fondatrice de Grandissons, avec :<br>Ariane, \u00e9ducatrice de jeunes enfants<br>Emmanuel, professeur des coll\u00e8ges<br>Vicky, conseill\u00e8re parentale<br>Vincent, directeur d\u2019\u00e9cole et enseignant<br>Aude, accompagnante parentale<\/p>\n\n\n\n<p>\u00c9v\u00e8nement gratuit sur la plateforme Zoom, inscription obligatoire sur :<br><a rel=\"noreferrer noopener\" href=\"https:\/\/l.facebook.com\/l.php?u=https%3A%2F%2Fwww.helloasso.com%2Fassociations%2Fgrandissons%2Fevenements%2Ftable-ronde-le-respect%3Ffbclid%3DIwAR3aLM2JYA_J8dcig8Ps_mmjg0H13pskz8v1_ZjDEk4aHpw95lIawtGblz8&amp;h=AT3Np0mYSJ8QxZEWPFvRuIQASm7rpgO-qck63IN98krH1RKSz3n59cr2rQp2IgyLk3HL1P7Wx3ZhVZwYReFNQD3bqeIx3iNb5Yni2KVdOTccxEWhmJrZz6ObXkIM6y8ZT47M&amp;__tn__=q&amp;c[0]=AT2C4jRhie6HowlttSF63fVOHM10txNCHY1lUfG7ShPZkIXqD0jY9LO106WdcwPVGptFCGQjfHpEjJe_oM9xI907Hm1At4B-0zrBxWIp_i244UnMEFyYBBzo_wYSdJA4TtA1CNiK6_inkMayq2p_1wovMHihzWq5ToeafIm3Iy9NEIfCow\" target=\"_blank\">https:\/\/www.helloasso.com\/\u2026\/even\u2026\/table-ronde-le-respect<\/a><br>Le lien zoom vous sera communiqu\u00e9 apr\u00e8s validation de votre inscription.<br>Informations \u00e9galement disponibles sur\u00a0<a rel=\"noreferrer noopener\" href=\"https:\/\/l.facebook.com\/l.php?u=http%3A%2F%2Fgrandissons.org%2F%3Ffbclid%3DIwAR2d4oFDJZ34IWp5Ep3ppvb7vel-nHdctIex_MmuwVzecBIY1kyS6gHprjo&amp;h=AT2djypy-vq6q9h6pN3Qk5Baj_ibpbGQyt69T8oR5I6ioLF5GbWVJHRW88gHF1vAteZd9bJ7m7Rq20HQ34l6bwykzJx_zxiAZZc2ntKeJ7BxvNxyQdj5xOdOQaTkDb_rL3WH&amp;__tn__=q&amp;c[0]=AT2C4jRhie6HowlttSF63fVOHM10txNCHY1lUfG7ShPZkIXqD0jY9LO106WdcwPVGptFCGQjfHpEjJe_oM9xI907Hm1At4B-0zrBxWIp_i244UnMEFyYBBzo_wYSdJA4TtA1CNiK6_inkMayq2p_1wovMHihzWq5ToeafIm3Iy9NEIfCow\" target=\"_blank\">grandissons.org<\/a><\/p>\n","protected":false},"excerpt":{"rendered":"<p>Pour la Journ\u00e9e de la Non-Violence \u00c9ducative, Grandissons vous propose une table ronde participative sur le th\u00e8me du RESPECT. Qu\u2019est-ce que le respect ? Qui est concern\u00e9 ? Comment est-ce qu\u2019il se manifeste et comment est-ce qu\u2019il se per\u00e7oit ? Est-ce que \u00e7a s\u2019apprend ? Est-ce que \u00e7a se doit ? Et dans les classes, &#8230;<span class=\"read-more\"><a href=\"https:\/\/grandissons.org\/?p=4048\">>>Read more<\/a><\/span><\/p>\n","protected":false},"author":1,"featured_media":0,"comment_status":"open","ping_status":"open","sticky":false,"template":"","format":"standard","meta":{"footnotes":""},"categories":[1],"tags":[],"_links":{"self":[{"href":"https:\/\/grandissons.org\/index.php?rest_route=\/wp\/v2\/posts\/4048"}],"collection":[{"href":"https:\/\/grandissons.org\/index.php?rest_route=\/wp\/v2\/posts"}],"about":[{"href":"https:\/\/grandissons.org\/index.php?rest_route=\/wp\/v2\/types\/post"}],"author":[{"embeddable":true,"href":"https:\/\/grandissons.org\/index.php?rest_route=\/wp\/v2\/users\/1"}],"replies":[{"embeddable":true,"href":"https:\/\/grandissons.org\/index.php?rest_route=%2Fwp%2Fv2%2Fcomments&post=4048"}],"version-history":[{"count":1,"href":"https:\/\/grandissons.org\/index.php?rest_route=\/wp\/v2\/posts\/4048\/revisions"}],"predecessor-version":[{"id":4050,"href":"https:\/\/grandissons.org\/index.php?rest_route=\/wp\/v2\/posts\/4048\/revisions\/4050"}],"wp:attachment":[{"href":"https:\/\/grandissons.org\/index.php?rest_route=%2Fwp%2Fv2%2Fmedia&parent=4048"}],"wp:term":[{"taxonomy":"category","embeddable":true,"href":"https:\/\/grandissons.org\/index.php?rest_route=%2Fwp%2Fv2%2Fcategories&post=4048"},{"taxonomy":"post_tag","embeddable":true,"href":"https:\/\/grandissons.org\/index.php?rest_route=%2Fwp%2Fv2%2Ftags&post=4048"}],"curies":[{"name":"wp","href":"https:\/\/api.w.org\/{rel}","templated":true}]}}