{"id":3062,"date":"2017-11-17T13:55:11","date_gmt":"2017-11-17T12:55:11","guid":{"rendered":"https:\/\/grandissons.org\/?p=3062"},"modified":"2017-11-17T13:55:11","modified_gmt":"2017-11-17T12:55:11","slug":"le-libre-grandir-et-la-responsabilite-parentale","status":"publish","type":"post","link":"https:\/\/grandissons.org\/?p=3062","title":{"rendered":"Le libre grandir et la responsabilit\u00e9 parentale"},"content":{"rendered":"<p style=\"text-align: center;\"><em>Par Vicky<\/em><\/p>\n<p><a href=\"https:\/\/grandissons.org\/wp-content\/uploads\/2017\/11\/23131388_10154800045081262_866910477_o.jpg\"><img decoding=\"async\" loading=\"lazy\" class=\"aligncenter size-medium wp-image-3063\" src=\"https:\/\/grandissons.org\/wp-content\/uploads\/2017\/11\/23131388_10154800045081262_866910477_o-300x225.jpg\" alt=\"\" width=\"300\" height=\"225\" srcset=\"https:\/\/grandissons.org\/wp-content\/uploads\/2017\/11\/23131388_10154800045081262_866910477_o-300x225.jpg 300w, https:\/\/grandissons.org\/wp-content\/uploads\/2017\/11\/23131388_10154800045081262_866910477_o-768x576.jpg 768w, https:\/\/grandissons.org\/wp-content\/uploads\/2017\/11\/23131388_10154800045081262_866910477_o-1024x768.jpg 1024w, https:\/\/grandissons.org\/wp-content\/uploads\/2017\/11\/23131388_10154800045081262_866910477_o-133x100.jpg 133w, https:\/\/grandissons.org\/wp-content\/uploads\/2017\/11\/23131388_10154800045081262_866910477_o.jpg 1675w\" sizes=\"(max-width: 300px) 100vw, 300px\" \/><\/a><\/p>\n<p>&nbsp;<\/p>\n<p>Bon, finalement en parentalit\u00e9 bienveillante on pose un cadre et des limites ou pas\u00a0? Et est-ce qu\u2019on fait des choix \u00e0 la place de nos enfants?<\/p>\n<p>Ces deux questions reviennent sans cesse et divisent \u00e0 volont\u00e9. D\u2019un c\u00f4t\u00e9 les bienveillantes* anti-\u00e2gisme qui disent le plus souvent non, de l\u2019autre les bienveillantes-mais-pas-laxistes qui disent oui\u00a0!<\/p>\n<p>&nbsp;<\/p>\n<p><u>Le cadre ou la structure<\/u><\/p>\n<p>&nbsp;<\/p>\n<p>Je vais rapidement d\u00e9gager la question du cadre en r\u00e9pondant que, \u00e0 mon sens, la phrase \u00ab\u00a0les enfants ont besoin d\u2019un cadre, \u00e7a les rassure\u00a0\u00bb est archi-fausse. Peut-\u00eatre que certains enfants se sentent rassur\u00e9s avec un cadre mais c\u2019est loin d\u2019\u00eatre une v\u00e9rit\u00e9 absolue et un pr\u00e9cepte \u00e9ducatif. Ce que je veux dire c\u2019est que certains adultes aussi se sentent rassur\u00e9s dans un cadre donn\u00e9, peut-\u00eatre que \u00e7a leur permet de mieux travailler, d\u2019\u00eatre plus calmes, plus efficaces etc. Et d\u2019autres adultes ont juste une sainte horreur des cadres, des cases et des restrictions, ils \u00e9touffent dedans. Est-ce que parce que certains adultes se sentent plus \u00e0 l\u2019aise professionnellement en \u00e9tant salari\u00e9s plut\u00f4t que sur un autre statut, on devrait conclure qu\u2019 \u00ab\u00a0un adulte a besoin d\u2019un CDI, \u00e7a le rassure\u00a0\u00bb\u00a0? Avec les enfants et le fameux cadre c\u2019est la m\u00eame chose. Pour certains enfants c\u2019est s\u00e9curisant, pour d\u2019autres non. Je tiens quand m\u00eame \u00e0 dire que cette phrase, tellement clich\u00e9e en fran\u00e7ais, n\u2019existe pas dans ma langue maternelle. Nous n\u2019avons pas de cadre pour les enfants, que pour les tableaux.<\/p>\n<p>&nbsp;<\/p>\n<p>En revanche un enfant a besoin de structure. Et en plus elle doit \u00eatre solide. Plus la structure sera solide, plus il pourra se r\u00e9aliser et se construire. Dans toutes les directions et sans limitation. Parce que la structure permet, tandis que le cadre limite. Et concr\u00e8tement, quelle est la diff\u00e9rence\u00a0? Parce que si c\u2019est pour jouer sur les mots&#8230;<\/p>\n<p>&nbsp;<\/p>\n<p>En fait je ne sais pas. J\u2019invite les parents qui pensent qu\u2019un cadre est n\u00e9cessaire au bon fonctionnement de leur famille ou de leur enfant \u00e0 m\u2019expliquer ce qu\u2019ils entendent par cadre avec des exemples concrets. Parce que moi je ne vois pas ce qu\u2019il y a \u00e0 imposer de plus que ce qui s\u2019impose de facto, du fait de na\u00eetre et de vivre dans une famille, qui elle-m\u00eame \u00e9volue dans une soci\u00e9t\u00e9 donn\u00e9e avec ses codes, ses r\u00e8gles et ses lois. L\u2019enfant qui vient au monde a d\u00e9j\u00e0 tout un cadre autour, il ne peut pas l\u2019ignorer, il est oblig\u00e9 de se conformer, c\u2019est le contrat social.<\/p>\n<p>&nbsp;<\/p>\n<p>La structure c\u2019est l\u2019assurance du \u00ab\u00a0je suis l\u00e0 pour toi quoi qu\u2019il arrive\u00a0\u00bb, c\u2019est la confiance que l\u2019enfant peut ressentir vis-\u00e0-vis du parent, c\u2019est le \u00ab\u00a0je crois en toi\u00a0\u00bb mais c\u2019est aussi le \u00ab\u00a0moi, parent, je sais qui je suis\u00a0\u00bb. Et c\u2019est parce que cette derni\u00e8re partie est si difficile que le cadre peut devenir rassurant. Pour l\u2019enfant, comme pour le parent, je dirais m\u00eame surtout pour ce dernier. D\u2019une mani\u00e8re g\u00e9n\u00e9rale j\u2019ai remarqu\u00e9 que moins on a confiance en un syst\u00e8me, plus on le balise. (\u00c7a a l\u2019air \u00e9vident je sais, mais \u00e7a devient inconfortable et probl\u00e9matique quand on pr\u00f4ne le syst\u00e8me en question.) En clair, plus un parent sait qui il est et o\u00f9 est-ce qu\u2019il va, moins il aura besoin de cadres, des \u00ab\u00a0il faut\u00a0\u00bb et des \u00ab\u00a0par principe\u00a0\u00bb.<\/p>\n<p>&nbsp;<\/p>\n<p><u>Les limites<\/u><\/p>\n<p>&nbsp;<\/p>\n<p>Le probl\u00e8me des limites n\u2019est pas tr\u00e8s diff\u00e9rent en vrai, un cadre n\u2019\u00e9tant rien d\u2019autre que la somme des limites. Et des limites on en a tous (de la m\u00eame mani\u00e8re qu\u2019on a un cadre \u00ab\u00a0naturel\u00a0\u00bb donc), on a les limites de notre corps, de notre nature humaine, des lois physiques etc. Nous avons \u00e9galement les limites impos\u00e9es par la loi, ainsi que les limites de ceux qui nous entourent. Pour survivre en soci\u00e9t\u00e9 nous devons les respecter.<\/p>\n<p>&nbsp;<\/p>\n<p>Je suis bien \u00e9videmment contre l\u2019id\u00e9e d\u2019imposer des limites \u00ab\u00a0parce qu\u2019il faut bien\u00a0\u00bb ou \u00ab\u00a0parce qu\u2019on n\u2019est pas laxistes\u00a0\u00bb ou\u2026 bref, par principe. Et je suis partisane de la libert\u00e9 d\u2019exploration de ses propres limites. Une personne a besoin de savoir ce qu\u2019elle est capable de faire ou encore comment le monde r\u00e9agit \u00e0 sa fa\u00e7on de s\u2019y positionner. Personne ne peut vous apprendre \u00e7a, en revanche on peut \u00eatre emp\u00each\u00e9.e de l\u2019apprendre, si l\u2019on n\u2019a pas justement cette libert\u00e9 d\u2019exploration de ses propres limites.<\/p>\n<p>&nbsp;<\/p>\n<p>Lorsqu\u2019on est enfant, pendant cette exploration on a besoin de garde-fous, de s\u00e9curit\u00e9. Pour la simple raison que les capacit\u00e9s c\u00e9r\u00e9brales d\u2019anticipation des cons\u00e9quences de l\u2019action ne sont pas op\u00e9rationnelles. Mais pas que. Tant que la coordination des mouvements n\u2019est pas parfaite un enfant peut avoir diff\u00e9rents types d\u2019accidents. Et puis il manque la connaissance et la maitrise de tout un tas de choses. Ainsi je peux tomber de l\u2019escalier lorsque j\u2019ai 10 mois, tomber dans la piscine quand j\u2019ai 3 ans, tomber sur du porno sur l\u2019ordinateur quand j\u2019ai 7 ans et ainsi de suite, vous avez compris. Mais je peux \u00e9galement porter pr\u00e9judice \u00e0 autrui, parce que je ne peux pas maitriser mes pulsions de vie (besoin ou envie), parce que je ne sais pas faire autrement ou parce que je ne m\u2019en rends pas compte. En fait, j\u2019ai une extraordinaire capacit\u00e9 \u00e0 faire tout un tas de trucs qui mettent en p\u00e9ril ma s\u00e9curit\u00e9, ma sant\u00e9, mon image m\u00eame, les autres ou leurs libert\u00e9s et droits. Heureusement, j\u2019ai des parents!<\/p>\n<p>&nbsp;<\/p>\n<p><u>La responsabilit\u00e9 parentale<\/u><\/p>\n<p>&nbsp;<\/p>\n<p>Ce qui est \u00e9vident pour moi c\u2019est que le parent endosse un r\u00f4le de protection de son enfant, et d\u2019un point de vue philosophique, cela n\u2019est pas compatible avec la pleine libert\u00e9 de choix que certain.e.s d\u2019entre nous souhaitent permettre \u00e0 leurs enfants. Pas loin de consid\u00e9rer que quand il n\u2019y a pas de solution on doit reconsid\u00e9rer le probl\u00e8me, et ayant pass\u00e9 d\u2019innombrables heures \u00e0 essayer de concilier la th\u00e9orie avec ma pratique parentale par souci de coh\u00e9rence et de congruence, j\u2019arrive aujourd\u2019hui \u00e0 la conclusion que la pleine libert\u00e9 de choix d\u2019un enfant, n\u2019est pas compatible avec la responsabilit\u00e9 parentale. Et plus vite on admet \u00e7a, moins on se tourmente avec nos incoh\u00e9rences et mieux on assume ce qui doit \u00eatre assum\u00e9. C\u2019est \u00e0 dire les choix qu\u2019on op\u00e8re pour nos enfants. Parce qu\u2019il n\u2019y a pas de non-choix. A titre d\u2019exemple, que l\u2019on d\u00e9cide de vacciner ou pas son enfant on op\u00e8re un choix pour lui. Que l\u2019on d\u00e9cide de le scolariser ou pas, on op\u00e8re un choix pour lui.<\/p>\n<p>&nbsp;<\/p>\n<p>Pour laisser un enfant compl\u00e8tement libre de ses choix, il aurait fallu commencer depuis le d\u00e9but, en lui demandant s&rsquo;il a envie de na\u00eetre et s&rsquo;il veut bien accepter ses parents, ses grand-parents, sa maison, sa ville, son pays, son pr\u00e9nom et ainsi de suite. J&rsquo;ai mis beaucoup de temps \u00e0 accepter que je prends des d\u00e9cisions pour mes enfants, mais depuis que cela a fait son chemin je parente avec moins d\u2019ambigu\u00eft\u00e9, moins de culpabilit\u00e9 d\u2019\u00eatre incoh\u00e9rente. Au d\u00e9part je voyais la famille comme une colocation dans laquelle l&rsquo;enfant arrive, avec les m\u00eames droits que tout le monde, \u00e9videmment\u00a0! J&rsquo;ai dit des tas de fois que combattre les Violences Educatives Ordinaires sans combattre l&rsquo;\u00e2gisme c&rsquo;est se mettre le doigt dans l&rsquo;oeil au mieux, manipuler en conscience au pire. Je m\u2019accordais le droit d\u2019\u00eatre limitante et interventionniste par devoir de protection de leur sant\u00e9, leur s\u00e9curit\u00e9 et des libert\u00e9s des autres, mais quand-m\u00eame je voyais bien que \u00e7a manquait un peu d\u2019\u00e9galit\u00e9, de d\u00e9mocratie dans la prise de d\u00e9cision. Il devait bien manquer quelque chose dans ma conception de la fonction parentale et donc dans ma conception de la relation parent\/enfant. Il manquait\u2026<\/p>\n<p>&nbsp;<\/p>\n<p><u>La d\u00e9pendance<\/u><\/p>\n<p>&nbsp;<\/p>\n<p>Un enfant se retrouve de fait dans un statut particulier: celui de la d\u00e9pendance, comme une personne \u00e2g\u00e9e ou une personne malade. Et \u00e7a, \u00e7a change tout dans la conception \u00e9galitariste de la relation parent\/enfant. La relation ne peut pas \u00eatre \u00e9galitaire car une prise en charge de l&rsquo;enfant est n\u00e9cessaire et obligatoire (m\u00eame par la loi). Et qui dit prise en charge dit ascendant sur l&rsquo;autre. C&rsquo;est important d\u2019admettre et d&rsquo;accepter cette responsabilit\u00e9 vis-\u00e0-vis de son enfant. Ce qui est compliqu\u00e9 c\u2019est de r\u00e9ussir \u00e0 remplir cette obligation parentale tout en respectant l&rsquo;individualit\u00e9 de l&rsquo;enfant, sans tomber dans le langage de la domination, sans l\u2019\u00e9craser sous le poids de l\u2019\u00e9vidence de notre autorit\u00e9\u2026 Et c\u2019est l\u00e0 que la parentalit\u00e9 positive fait sens! On peut s\u2019y retrouver avec le terme tr\u00e8s cher \u00e0 une amie d\u2019\u00e9quidignit\u00e9 (en vrai \u00e7a vient de Jesper Juul mais moi je n\u2019ai pas encore lu Juul!). L\u2019\u00e9galit\u00e9 dans la relation est possible \u00e0 condition qu\u2019on ait les m\u00eames capacit\u00e9s, si on n\u2019int\u00e8gre pas \u00e7a on a vite fait de se sentir l\u00e9s\u00e9e que notre enfant ne nous fasse jamais \u00e0 manger\u2026<\/p>\n<p>&nbsp;<\/p>\n<p>Donc la parentalit\u00e9 bienveillante, positive, empathique oui, le combat contre l\u2019\u00e2gisme mille fois oui aussi, mais une conception \u00e9galitaire de la relation parent\/enfant est vraiment tr\u00e8s injuste pour l\u2019enfant\u00a0: il ne peut tout simplement pas faire autant ou pareil que nous. Et l\u00e0, c\u2019est \u00e0 nous de prendre nos responsabilit\u00e9s, qui ne manqueront pas de faire d\u00e9faut \u00e0 sa libert\u00e9 de choix.<\/p>\n<p>&nbsp;<\/p>\n<p>* Je mets au f\u00e9minin parce que l\u2019\u00e9crasante majorit\u00e9 qui d\u00e9bat sur ces sujets sont des femmes.<\/p>\n","protected":false},"excerpt":{"rendered":"<p>Par Vicky &nbsp; Bon, finalement en parentalit\u00e9 bienveillante on pose un cadre et des limites ou pas\u00a0? Et est-ce qu\u2019on fait des choix \u00e0 la place de nos enfants? Ces deux questions reviennent sans cesse et divisent \u00e0 volont\u00e9. D\u2019un c\u00f4t\u00e9 les bienveillantes* anti-\u00e2gisme qui disent le plus souvent non, de l\u2019autre les bienveillantes-mais-pas-laxistes qui &#8230;<span class=\"read-more\"><a href=\"https:\/\/grandissons.org\/?p=3062\">>>Read more<\/a><\/span><\/p>\n","protected":false},"author":1,"featured_media":0,"comment_status":"open","ping_status":"open","sticky":false,"template":"","format":"standard","meta":{"footnotes":""},"categories":[32],"tags":[34,18,74],"_links":{"self":[{"href":"https:\/\/grandissons.org\/index.php?rest_route=\/wp\/v2\/posts\/3062"}],"collection":[{"href":"https:\/\/grandissons.org\/index.php?rest_route=\/wp\/v2\/posts"}],"about":[{"href":"https:\/\/grandissons.org\/index.php?rest_route=\/wp\/v2\/types\/post"}],"author":[{"embeddable":true,"href":"https:\/\/grandissons.org\/index.php?rest_route=\/wp\/v2\/users\/1"}],"replies":[{"embeddable":true,"href":"https:\/\/grandissons.org\/index.php?rest_route=%2Fwp%2Fv2%2Fcomments&post=3062"}],"version-history":[{"count":1,"href":"https:\/\/grandissons.org\/index.php?rest_route=\/wp\/v2\/posts\/3062\/revisions"}],"predecessor-version":[{"id":3064,"href":"https:\/\/grandissons.org\/index.php?rest_route=\/wp\/v2\/posts\/3062\/revisions\/3064"}],"wp:attachment":[{"href":"https:\/\/grandissons.org\/index.php?rest_route=%2Fwp%2Fv2%2Fmedia&parent=3062"}],"wp:term":[{"taxonomy":"category","embeddable":true,"href":"https:\/\/grandissons.org\/index.php?rest_route=%2Fwp%2Fv2%2Fcategories&post=3062"},{"taxonomy":"post_tag","embeddable":true,"href":"https:\/\/grandissons.org\/index.php?rest_route=%2Fwp%2Fv2%2Ftags&post=3062"}],"curies":[{"name":"wp","href":"https:\/\/api.w.org\/{rel}","templated":true}]}}