{"id":3002,"date":"2017-08-13T15:24:43","date_gmt":"2017-08-13T14:24:43","guid":{"rendered":"https:\/\/grandissons.org\/?p=3002"},"modified":"2017-08-15T20:58:14","modified_gmt":"2017-08-15T19:58:14","slug":"le-jour-ou-jai-eu-envie-de-parler-de-mon-regard-positif-sur-la-parentalite-du-meme-nom","status":"publish","type":"post","link":"https:\/\/grandissons.org\/?p=3002","title":{"rendered":"Le jour o\u00f9 j\u2019ai eu envie de parler de mon regard positif sur la parentalit\u00e9 du m\u00eame nom"},"content":{"rendered":"<p style=\"text-align: center;\"><em>par Lise<\/em><\/p>\n<p style=\"text-align: center;\"><a href=\"https:\/\/grandissons.org\/wp-content\/uploads\/2017\/08\/IMG_2694m.jpg\"><img decoding=\"async\" loading=\"lazy\" class=\"aligncenter wp-image-3003\" src=\"https:\/\/grandissons.org\/wp-content\/uploads\/2017\/08\/IMG_2694m.jpg\" alt=\"\" width=\"421\" height=\"420\" srcset=\"https:\/\/grandissons.org\/wp-content\/uploads\/2017\/08\/IMG_2694m.jpg 769w, https:\/\/grandissons.org\/wp-content\/uploads\/2017\/08\/IMG_2694m-150x150.jpg 150w, https:\/\/grandissons.org\/wp-content\/uploads\/2017\/08\/IMG_2694m-300x300.jpg 300w, https:\/\/grandissons.org\/wp-content\/uploads\/2017\/08\/IMG_2694m-768x767.jpg 768w, https:\/\/grandissons.org\/wp-content\/uploads\/2017\/08\/IMG_2694m-36x36.jpg 36w, https:\/\/grandissons.org\/wp-content\/uploads\/2017\/08\/IMG_2694m-133x133.jpg 133w\" sizes=\"(max-width: 421px) 100vw, 421px\" \/><\/a><\/p>\n<p>(Il m\u2019a \u00e9t\u00e9 donn\u00e9 plusieurs fois de tomber sur des articles critiquant \u00ab\u00a0l\u2019\u00e9ducation positive\u00a0\u00bb tout en la d\u00e9finissant partie ou totalit\u00e9 pour ce qu\u2019elle n\u2019est pas. R\u00e9cemment, un article en particulier circule beaucoup (1), et les tr\u00e8s nombreux commentaires qu\u2019il suscite me font \u00e9prouver la m\u00eame chose que quand mon fils \u00e9crase m\u00e9ticuleusement ses framboises sur le canap\u00e9\u2026 Leur accumulation, cette invective de \u00ab\u00a0m\u00e8re parfaite\u00a0\u00bb qui devient une expression courante \u00e0 laquelle je ne r\u00e9ussis pas \u00e0 donner de sens, et qui est toujours destin\u00e9e n\u00e9gativement \u00e0\u2026 (\u00e0 qui exactement\u00a0?), par ceux que l\u2019on a <em>fait<\/em> culpabiliser, alors que personne ne cherche jamais \u00e0 se l\u2019appliquer \u00e0 soi-m\u00eame (et pour cause\u00a0!). Bref, du haut de toutes mes imperfections et difficult\u00e9s du quotidien, j\u2019ai plut\u00f4t l\u2019impression que la parentalit\u00e9 bienveillante est encore une lointaine \u00e9bauche tr\u00e8s peu r\u00e9pandue, et imparfaitement connue, et que la mettre sur le b\u00fbcher \u00e9quivaut \u00e0 ordonner l\u2019autodaf\u00e9 du premier mot du premier roman\u2026 Du coup, aujourd\u2019hui, je ne r\u00e9siste pas \u00e0 \u00e9crire\u2026 ce qui me gonfle.)<\/p>\n<p>&nbsp;<\/p>\n<p>L\u2019article m\u2019a \u00e0 moiti\u00e9 agac\u00e9e. A moiti\u00e9, car il contient deux \u00e9l\u00e9ments\u00a0: l\u2019un d\u00e9crivant avec un humour ac\u00e9r\u00e9 le quotidien difficile dans lequel, comme la plupart des personnes ayant comment\u00e9, je me reconnais avec le plaisir que l\u2019on rencontre toujours quand quelqu\u2019un parvient \u00e0 \u00e9crire ce que l\u2019on \u00e9prouve. L\u2019autre critiquant en bloc la parentalit\u00e9 positive et la mani\u00e8re dont celle-ci ferait culpabiliser les parents normaux, d\u00e9clenchant quantit\u00e9 de commentaires criant haro sur la bienveillance \u00e0 grands coups de d\u00e9finitions inexactes et de critiques \u00e9tranges sur celles et ceux qui tentent de la pratiquer, et seraient automatiquement jugeants et hypocrites\u2026<\/p>\n<p>Avant tout, cela me donne envie de <strong>red\u00e9finir ce que cherche \u00e0 contenir la parentalit\u00e9 positive<\/strong>, ou \u00e9ducation bienveillante, ou non-violence \u00e9ducative (nb. Bienveillance = \u201dvolont\u00e9 qui vise le bien et le bonheur d&rsquo;autrui\u201d (cela ne suppose donc pas de traiter de bouffonne ou de merde quiconque, ni de devenir soi-m\u00eame parfait ou capable de garder son calme, et, bizarrement, m\u00eame pas de pouvoir voler avec un parapluie\u2026)<\/p>\n<p>Plus qu\u2019une m\u00e9thode, c\u2019est une <em>conviction<\/em>, une ligne de conduite, une valeur. L\u2019id\u00e9e est d\u2019accepter les \u00e9motions et les besoins de l\u2019enfant <em>autant<\/em> que les siens. Avoir pour objectif de ne pas humilier ou rabaisser son enfant, de vivre en bonne entente autant que possible, de ne blesser personne\u2026 Cela ne veut pas dire qu\u2019on n\u2019a pas le droit de craquer, de se f\u00e2cher, seulement que l\u2019on peut en reparler et s\u2019excuser apr\u00e8s si c\u2019est n\u00e9cessaire. Nan, mais s\u00e9rieusement, remplacez le mot \u00ab\u00a0enfant\u00a0\u00bb par \u00ab\u00a0conjoint\u00a0\u00bb, ou m\u00eame \u00ab\u00a0belle-m\u00e8re\u00a0\u00bb, \u00e7a devient vite marrant (et logique)\u00a0! \u00ab\u00a0Ne pas humilier ou rabaisser sa belle-m\u00e8re, \u00e9viter de lui donner des fess\u00e9es quand on est en d\u00e9saccord ou qu\u2019elle nous pousse \u00e0 bout\u2026\u00a0\u00bb bref, je vous laisse continuer (et aussi vous rappeler comment vous raisonniez lorsque vous \u00e9tiez enfant et vous consid\u00e9riez d\u00e9j\u00e0 comme une personne \u00e0 part enti\u00e8re\u2026)<\/p>\n<p>Ah oui, et aussi, <strong>la bienveillance commence par soi-m\u00eame<\/strong>. C\u2019est pr\u00e9cis\u00e9 dans tous les livres sur le sujet qui se respectent. Donc oui, on se pardonne \u00e0 soi-m\u00eame quand on p\u00e8te un c\u00e2ble (ou tout autre chose naus\u00e9abonde qui ne soit pas des paillettes), oui, on pense \u00e0 se ressourcer d\u00e8s que possible, et non, c\u2019est aller \u00e0 l\u2019encontre de l\u2019id\u00e9e de base que de dire que quelqu\u2019un est une \u00ab\u00a0merde\u00a0\u00bb parce qu\u2019il agit de la seule mani\u00e8re possible que lui permet son humeur de dogue \u00e9puis\u00e9 et suant du moment.<\/p>\n<p>Je remarque que plusieurs commentaires apparentent la parentalit\u00e9 positive (comme c\u2019est tout \u00e0 fait fr\u00e9quent) \u00e0 du <strong>laxisme<\/strong>, \u00e0 une absence totale de limite. Dire \u00e0 son enfant \u00ab\u00a0je ne supporte plus la mani\u00e8re dont tu me parles\u00a0\u00bb plut\u00f4t que \u00ab\u00a0tu es trop chiant, ferme ta gueule\u00a0\u00bb, lui dire \u00ab\u00a0j\u2019ai besoin que tu m\u2019aides car je suis \u00e9puis\u00e9e\u00a0\u00bb plut\u00f4t que \u00ab\u00a0si tu ne m\u2019aides pas, tu seras puni de trucquetuaimeslepluspourquetutesentesaussimalquemoi\u00a0\u00bb, lui ass\u00e9ner un \u00ab\u00a0stop, c\u2019est dangereux\u00a0\u00bb plut\u00f4t que \u00ab\u00a0tu vas tomber\u00a0\u00bb, cela ne change strictement rien aux limites. Alors, oui, il y a un moment o\u00f9 on va parler de l\u00e2cher-prise et de renoncer aux contraintes inutiles, mais cela a surtout pour cons\u00e9quence de renforcer le bien-fond\u00e9 et l\u2019importance de se conformer aux r\u00e8gles vraiment importantes qui perdurent.<\/p>\n<p>Quant \u00e0 ceux qui craignent que les enfants \u00e9lev\u00e9s ainsi ne s\u2019habituent pas \u00e0 la vie pleine de <strong>contraintes<\/strong> qui les attend \u00e0 l\u2019\u00e2ge adulte, je leur r\u00e9pondrais que oui, quelle que soit la dose de bienveillance dont les parents essayent de faire preuve, aucun n\u2019est infaillible, les cris et contraintes existent donc bel et bien. Sans parler de toutes les contraintes physiques (on ne peut pas passer \u00e0 travers un mur, f\u00fbt-il enduit de paillettes (sic\u00a0! C\u2019est le fil rouge), r\u00e9alistes (on ne peut pas adopter de Bisounours, puisqu\u2019il para\u00eet que \u00e7a n\u2019existe pas), temporelles (on ne peut pas rester debout toute la nuit\u2026 en tout cas pas moi), etc. Et pour les autres\u2026 eh bien, ils s\u2019habitueront au fur et \u00e0 mesure, comme nous devrons, dans maxi quatre d\u00e9cennies, nous habituer \u00e0 avoir mal aux genoux quand on voudra se pencher, ne plus \u00eatre entour\u00e9 d\u2019enfants chamailleurs mais de la plus profonde et silencieuse solitude, voire \u00e0 devoir utiliser un d\u00e9ambulateur\u2026 mais on ne va quand m\u00eame pas commencer \u00e0 s\u2019entra\u00eener \u00e0 cela maintenant\u00a0!<\/p>\n<p>Ensuite, je souhaite citer quelques <strong>sources<\/strong>, car, au final, il me semble que ce que critique l\u2019auteur d\u00e9pend avant tout des lectures auxquelles on se r\u00e9f\u00e8re (je n\u2019ai personnellement pas de compte instagram, ne vais pas sur Youtube, et ne suis que dans un seul groupe Facebook, dans lequel la plupart des messages commencent par \u00ab\u00a0cela a l\u2019air difficile pour toi, tu as tout mon soutien\u2026\u00a0\u00bb) Je les mets en bas d\u2019article, tiens\u00a0!<\/p>\n<p>J\u2019aimerais aussi revenir sur ce concept de <strong>\u00ab\u00a0nous <em>faire<\/em> culpabiliser\u00a0\u00bb<\/strong>, qui appara\u00eet dans de nombreux commentaires. Tout d\u2019abord, la formule elle-m\u00eame a quelque chose de surprenant, rendant passif celui qui se plaint d\u2019\u00ab\u00a0\u00eatre culpabilis\u00e9\u00a0\u00bb. On culpabilise, voire on se culpabilise. Mais l\u2019agent ext\u00e9rieur est-il si directement celui qui cr\u00e9\u00e9 ce sentiment\u00a0? On culpabilise de ce qui nous g\u00eane soi-m\u00eame, de ce que l\u2019on n\u2019assume pas. Alors, oui, tous autant que nous sommes, nous culpabilisons 1000 fois par jour parce que c\u2019est vraiment trop impossible de r\u00e9ussir \u00e0 \u00eatre celle que l\u2019on aimerait quand mademoiselle 4 ans vous poursuit en \u00ab\u00a0mamamamaman\u2026\u00a0\u00bb pendant que monsieur 18 mois grimpe sur la table et criant suraigu, se fait une bosse, \u00ab\u2026 eh ben eh ben moi tu sais, j\u2019aime pas les courgettes parce que tu sais, Laurie elle a dit que\u2026\u00a0\u00bb et vous \u00ab\u00a0sileeeeeeence, j\u2019en ai trop maaaarre\u00a0!\u00a0\u00bb\u2026 Mais oui, on culpabilise soi-m\u00eame parce qu\u2019on n\u2019agit pas selon ses propres valeurs. Autrement dit, dans ce cas-l\u00e0, quoi que je lise, je pourrais culpabiliser si je donnais une fess\u00e9e, mais on ne pourrait pas me <em>faire<\/em> culpabiliser de ne pas l\u2019avoir donn\u00e9e. Parce que ce ne sont pas mes lectures, mais mes convictions profondes qui conditionnent ma culpabilit\u00e9, dont j\u2019assume la responsabilit\u00e9. Mais surtout et avant tout, la parentalit\u00e9 positive n\u2019encourage <em>pas<\/em> \u00e0 se culpabiliser, mais \u00e0 se pardonner\u00a0!<\/p>\n<p>Et puis\u2026 \u00e7a ne marche pas. Par rapport \u00e0 quoi\u00a0? Et <strong>que veut dire \u00ab\u00a0marcher\u00a0\u00bb<\/strong>\u00a0? Non, l\u2019\u00e9ducation positive, en effet, ne fait pas s\u2019endormir les enfants plus t\u00f4t le soir, ne les emp\u00eache pas de hurler en se roulant par terre, ne les rend pas propres et luisants, ni silencieux, ne leur rend pas la voix grave, ne leur apprend pas \u00e0 r\u00e9soudre des \u00e9quations \u00e0 4 inconnues et pas m\u00eame \u00e0 dire \u00ab\u00a0bonjour\u00a0\u00bb au voisin\u00a0! Et non seulement elle n\u2019a jamais pr\u00e9tendu le faire, mais en plus ce n\u2019est pas l\u2019objectif, et m\u00eame surtout pas. Ceux qui attendent \u00ab\u00a0efficacit\u00e9 et r\u00e9sultat\u00a0\u00bb seront forc\u00e9ment d\u00e9\u00e7us. Que ce soit avec leur enfant ou leur belle-m\u00e8re. Car que les choses soient claires, dans les deux cas, RIEN ne \u00ab\u00a0marche\u00a0\u00bb (et pas non plus fesser sa belle-m\u00e8re, ou enfermer son enfant dans la cuisine\u2026) Le seul r\u00e9sultat que l\u2019on puisse souhaiter (et souhaiter ne veut pas dire attendre\u00a0!), c\u2019est complicit\u00e9 et compr\u00e9hension (entre les disputes et les crises), confiance mutuelle, capacit\u00e9 de communication, et surtout essai de se blesser le moins possible les uns les autres. Et cela m\u00eame pas vraiment au quotidien, mais peut-\u00eatre plut\u00f4t \u00e0 long terme\u2026<\/p>\n<p>Bref\u2026 Pour moi, tout cela, c\u2019est comme si je disais de quelqu\u2019un qui fait le m\u00e9nage chez lui, en l\u2019entendant dire \u00ab\u00a0je vais passer un coup de balai\u00a0\u00bb qu\u2019il me \u00ab\u00a0<em>fait<\/em> culpabiliser\u00a0\u00bb. Ben oui, parce que chez moi, le balai, il sert plus souvent \u00e0 jouer \u00e0 la sorci\u00e8re \u00e0 califourchon qu\u2019\u00e0 autre chose, et je n\u2019ai m\u00eame pas de fer \u00e0 repasser. Donc quoi\u00a0? Tous ceux qui sont moins bord\u00e9liques et plus propres que moi sont des menteurs qui ne montrent pas la difficult\u00e9 de leur quotidien (ben oui, ils montrent leur bel int\u00e9rieur propre, je ne les vois jamais plein de sueur en train de se battre avec les moutons\u00a0!), me <em>font<\/em> culpabiliser parce que je fais moins bien et essayent de me faire passer pour une conne, parce que chez eux, c\u2019est plus propre et que moi je n\u2019en suis pas capable\u00a0?&#8230;<\/p>\n<p>Ce qui me frappe tout de m\u00eame, c\u2019est qu\u2019au final, l\u2019auteur conclut par des exemples montrant qu\u2019elle pratique elle-m\u00eame bel et bien cette fameuse parentalit\u00e9 bienveillante, avec toutes les imperfections dont nous faisons tou.te.s preuve\u2026<\/p>\n<p>Peut-\u00eatre, enfin, que pour se rappeler de ce qu\u2019est vraiment cette fantasque id\u00e9e de parentalit\u00e9 bienveillante, il faut se rappeler ce \u00e0 quoi elle \u00ab\u00a0s\u2019oppose\u00a0\u00bb, par exemple en lisant les commentaires des r\u00e9actions contre le projet de loi interdisant les ch\u00e2timents corporels (article \u00e0 venir ici), qui se disent convaincus qu\u2019\u00a0\u00ab\u00a0une bonne fess\u00e9e n\u2019a jamais tu\u00e9 personne\u00a0\u00bb et que si on les \u00ab\u00a0laisse faire, ces petits d\u00e9mons deviendront des enfants rois\u00a0\u00bb, ou en lisant d\u2019autres auteurs, comme Aldo Naouri (article \u00e0 venir aussi)\u00a0?&#8230; Quelquefois, il est bon de se rappeler d\u2019o\u00f9 on vient avant de critiquer ce qui cherche \u00e0 le faire changer et qui ne devient extr\u00eame que lorsqu\u2019on oublie de prendre le recul auquel il appelle\u2026<\/p>\n<p>&nbsp;<\/p>\n<hr \/>\n<p>(1)\u00a0<a href=\"http:\/\/shivamama.fr\/le-jour-ou-la-parentalite-positive-ma-gonflee\/\">http:\/\/shivamama.fr\/le-jour-ou-la-parentalite-positive-ma-gonflee\/<\/a><\/p>\n<hr \/>\n<p><strong><u>Bibiographie<\/u><\/strong><u> (volontairement non exhaustive)<\/u><\/p>\n<p><u>Livres<\/u><\/p>\n<p>Dumonteil-Kremer C., Elever son enfant autrement.<\/p>\n<p>Fillozat I., Au C\u0153ur des Emotions de l\u2019Enfant<\/p>\n<p>Faber et Mazlich, Ecouter pour que les Enfants Parlent, Parler pour que les Enfants \u00e9coutent<\/p>\n<p>Faber et Mazlich, Fr\u00e8res et S\u0153urs sans Rivalit\u00e9<\/p>\n<p>Ginott H., Entre Parents et Enfants<\/p>\n<p>Gonzales C., Serre-moi fort<\/p>\n<p>Korczak J., Comment aimer son Enfant (<a href=\"https:\/\/grandissons.org\/?p=1540\">https:\/\/grandissons.org\/?p=1540<\/a>)<\/p>\n<p>Rosenberg M. Les Mots sont des Fen\u00eatres ou bien ils sont des Murs (car la recherche de bienveillance se destine \u00e0 tous)<\/p>\n<p>&nbsp;<\/p>\n<p><u>Magazines\u00a0: <\/u><\/p>\n<p>Peps Magasine (une ressource de bienveillance qui regonfle le moral \u00e0 bloc tous les trimestres)<\/p>\n<p>Grandir Autrement<\/p>\n<p>&nbsp;<\/p>\n<p><u>Sites et blogs\u00a0: <\/u><\/p>\n<p><a href=\"https:\/\/grandissons.org\/?p=1979\">https:\/\/grandissons.org\/?p=1979<\/a><\/p>\n<p><a href=\"http:\/\/www.perles-pacifiques.fr\/2017\/04\/07\/5-regles-pour-ne-pas-imposer-de-regles-aux-enfants\/\">http:\/\/www.perles-pacifiques.fr\/2017\/04\/07\/5-regles-pour-ne-pas-imposer-de-regles-aux-enfants\/<\/a><\/p>\n<p><a href=\"https:\/\/www.oummi-materne.com\/quest-ce-que-la-parentalite-positive\/\">https:\/\/www.oummi-materne.com\/quest-ce-que-la-parentalite-positive\/<\/a><\/p>\n<p><a href=\"https:\/\/parents-naturellement.com\/parentalite-positive-definition\/\">https:\/\/parents-naturellement.com\/parentalite-positive-definition\/<\/a> (voir le bas de l\u2019article\u00a0!)<\/p>\n<hr \/>\n<p>PS : Bon\u2026 pour \u00eatre tout \u00e0 fait honn\u00eate, en recherchant ces sources, je suis tomb\u00e9e sur quelques articles (commerciaux\u00a0?) faisant passer la parentalit\u00e9 positive pour une magie qui rend zen parents et enfants\u2026 et m\u2019a permis de comprendre un peu mieux la cause de ce coup de gueule\u2026<\/p>\n","protected":false},"excerpt":{"rendered":"<p>par Lise (Il m\u2019a \u00e9t\u00e9 donn\u00e9 plusieurs fois de tomber sur des articles critiquant \u00ab\u00a0l\u2019\u00e9ducation positive\u00a0\u00bb tout en la d\u00e9finissant partie ou totalit\u00e9 pour ce qu\u2019elle n\u2019est pas. R\u00e9cemment, un article en particulier circule beaucoup (1), et les tr\u00e8s nombreux commentaires qu\u2019il suscite me font \u00e9prouver la m\u00eame chose que quand mon fils \u00e9crase m\u00e9ticuleusement &#8230;<span class=\"read-more\"><a href=\"https:\/\/grandissons.org\/?p=3002\">>>Read more<\/a><\/span><\/p>\n","protected":false},"author":1,"featured_media":0,"comment_status":"open","ping_status":"open","sticky":false,"template":"","format":"standard","meta":{"footnotes":""},"categories":[32],"tags":[34,3,18],"_links":{"self":[{"href":"https:\/\/grandissons.org\/index.php?rest_route=\/wp\/v2\/posts\/3002"}],"collection":[{"href":"https:\/\/grandissons.org\/index.php?rest_route=\/wp\/v2\/posts"}],"about":[{"href":"https:\/\/grandissons.org\/index.php?rest_route=\/wp\/v2\/types\/post"}],"author":[{"embeddable":true,"href":"https:\/\/grandissons.org\/index.php?rest_route=\/wp\/v2\/users\/1"}],"replies":[{"embeddable":true,"href":"https:\/\/grandissons.org\/index.php?rest_route=%2Fwp%2Fv2%2Fcomments&post=3002"}],"version-history":[{"count":4,"href":"https:\/\/grandissons.org\/index.php?rest_route=\/wp\/v2\/posts\/3002\/revisions"}],"predecessor-version":[{"id":3007,"href":"https:\/\/grandissons.org\/index.php?rest_route=\/wp\/v2\/posts\/3002\/revisions\/3007"}],"wp:attachment":[{"href":"https:\/\/grandissons.org\/index.php?rest_route=%2Fwp%2Fv2%2Fmedia&parent=3002"}],"wp:term":[{"taxonomy":"category","embeddable":true,"href":"https:\/\/grandissons.org\/index.php?rest_route=%2Fwp%2Fv2%2Fcategories&post=3002"},{"taxonomy":"post_tag","embeddable":true,"href":"https:\/\/grandissons.org\/index.php?rest_route=%2Fwp%2Fv2%2Ftags&post=3002"}],"curies":[{"name":"wp","href":"https:\/\/api.w.org\/{rel}","templated":true}]}}