{"id":2483,"date":"2015-12-07T21:18:10","date_gmt":"2015-12-07T20:18:10","guid":{"rendered":"http:\/\/grandissons.org\/?p=2483"},"modified":"2015-12-07T21:18:10","modified_gmt":"2015-12-07T20:18:10","slug":"le-sac-en-lair","status":"publish","type":"post","link":"https:\/\/grandissons.org\/?p=2483","title":{"rendered":"Le sac-en-l&rsquo;air"},"content":{"rendered":"<p style=\"text-align: center;\">Comment \u00eatre t\u00eate en l\u2019air en toute libert\u00e9<\/p>\n<p style=\"text-align: center;\"><em>Par Lise<\/em><\/p>\n<p>&nbsp;<\/p>\n<p style=\"text-align: justify;\">Chaque jour il faut l\u2019emporter, et chaque jour il faut veiller \u00e0 ce qu\u2019il n\u2019y manque rien\u00a0: le sac\u00a0!<\/p>\n<p style=\"text-align: justify;\">C\u2019est fatiguant, et \u00e7a ne marche pas \u00e0 tous les coups. On a beau le laisser \u00e0 peu-pr\u00e8s fait d\u2019un jour sur l\u2019autre, il suffit que toutes les couches aient \u00e9t\u00e9 utilis\u00e9es par le dernier \u00e0 \u00eatre sorti, que b\u00e9b\u00e9 ait d\u00e9cid\u00e9 de v\u00eatir discr\u00e8tement sa poup\u00e9e du chapeau qui devait rester dedans, ou que l\u2019on ait utilis\u00e9 au autre sac la veille, pour risquer d\u2019oublier quelque chose. Et puis le sac, c\u2019est aussi un peu le cauchemar de beaucoup de papas, j\u2019ai l\u2019impression.<\/p>\n<p style=\"text-align: justify;\">Moi, vous l\u2019avez compris, j\u2019aime les listes. Franchement, \u00e7a soulage le cerveau. Quand il n\u2019y a plus \u00e0 penser, mais seulement \u00e0 faire, la moiti\u00e9 du travail est d\u00e9j\u00e0 r\u00e9alis\u00e9e comme par magie.<\/p>\n<p style=\"text-align: justify;\">Alors voil\u00e0, je partage avec vous \u00ab\u00a0le sac en l\u2019air\u00a0\u00bb, \u00e0 compl\u00e9ter en fonction de ce que vous mettez dedans, \u00e0 d\u00e9corer selon vos go\u00fbts et \u00e0 afficher bien en vue. Ensuite, il n\u2019y a plus qu\u2019\u00e0 v\u00e9rifier chaque \u00ab\u00a0bulle\u00a0\u00bb, et le tour et jou\u00e9\u2026 il n\u2019y a plus qu\u2019\u00e0 ne pas oublier le sac\u00a0sur la table du salon\u00a0!<\/p>\n<p style=\"text-align: justify;\"><a href=\"http:\/\/grandissons.org\/wp-content\/uploads\/2015\/12\/sac_stella.jpg\"><img decoding=\"async\" loading=\"lazy\" class=\"aligncenter  wp-image-2484\" src=\"http:\/\/grandissons.org\/wp-content\/uploads\/2015\/12\/sac_stella-717x1024.jpg\" alt=\"sac_stella\" width=\"501\" height=\"716\" srcset=\"https:\/\/grandissons.org\/wp-content\/uploads\/2015\/12\/sac_stella-717x1024.jpg 717w, https:\/\/grandissons.org\/wp-content\/uploads\/2015\/12\/sac_stella-210x300.jpg 210w, https:\/\/grandissons.org\/wp-content\/uploads\/2015\/12\/sac_stella-133x190.jpg 133w, https:\/\/grandissons.org\/wp-content\/uploads\/2015\/12\/sac_stella.jpg 1140w\" sizes=\"(max-width: 501px) 100vw, 501px\" \/><\/a><\/p>\n<p style=\"text-align: justify;\">(N.B.\u00a0: Cette liste-exemple est ici r\u00e9alis\u00e9e pour un enfant ayant 12-24 mois)<\/p>\n","protected":false},"excerpt":{"rendered":"<p>Comment \u00eatre t\u00eate en l\u2019air en toute libert\u00e9 Par Lise &nbsp; Chaque jour il faut l\u2019emporter, et chaque jour il faut veiller \u00e0 ce qu\u2019il n\u2019y manque rien\u00a0: le sac\u00a0! C\u2019est fatiguant, et \u00e7a ne marche pas \u00e0 tous les coups. On a beau le laisser \u00e0 peu-pr\u00e8s fait d\u2019un jour sur l\u2019autre, il suffit &#8230;<span class=\"read-more\"><a href=\"https:\/\/grandissons.org\/?p=2483\">>>Read more<\/a><\/span><\/p>\n","protected":false},"author":1,"featured_media":0,"comment_status":"open","ping_status":"open","sticky":false,"template":"","format":"standard","meta":{"footnotes":""},"categories":[35,100],"tags":[3,72],"_links":{"self":[{"href":"https:\/\/grandissons.org\/index.php?rest_route=\/wp\/v2\/posts\/2483"}],"collection":[{"href":"https:\/\/grandissons.org\/index.php?rest_route=\/wp\/v2\/posts"}],"about":[{"href":"https:\/\/grandissons.org\/index.php?rest_route=\/wp\/v2\/types\/post"}],"author":[{"embeddable":true,"href":"https:\/\/grandissons.org\/index.php?rest_route=\/wp\/v2\/users\/1"}],"replies":[{"embeddable":true,"href":"https:\/\/grandissons.org\/index.php?rest_route=%2Fwp%2Fv2%2Fcomments&post=2483"}],"version-history":[{"count":1,"href":"https:\/\/grandissons.org\/index.php?rest_route=\/wp\/v2\/posts\/2483\/revisions"}],"predecessor-version":[{"id":2485,"href":"https:\/\/grandissons.org\/index.php?rest_route=\/wp\/v2\/posts\/2483\/revisions\/2485"}],"wp:attachment":[{"href":"https:\/\/grandissons.org\/index.php?rest_route=%2Fwp%2Fv2%2Fmedia&parent=2483"}],"wp:term":[{"taxonomy":"category","embeddable":true,"href":"https:\/\/grandissons.org\/index.php?rest_route=%2Fwp%2Fv2%2Fcategories&post=2483"},{"taxonomy":"post_tag","embeddable":true,"href":"https:\/\/grandissons.org\/index.php?rest_route=%2Fwp%2Fv2%2Ftags&post=2483"}],"curies":[{"name":"wp","href":"https:\/\/api.w.org\/{rel}","templated":true}]}}