{"id":2390,"date":"2015-10-02T08:35:45","date_gmt":"2015-10-02T07:35:45","guid":{"rendered":"http:\/\/grandissons.org\/?p=2390"},"modified":"2015-10-02T08:35:45","modified_gmt":"2015-10-02T07:35:45","slug":"quand-jetais-petit-je-netais-pas-grand","status":"publish","type":"post","link":"https:\/\/grandissons.org\/?p=2390","title":{"rendered":"Quand j\u2019\u00e9tais petit\u2026 je n\u2019\u00e9tais pas grand"},"content":{"rendered":"<p style=\"text-align: center;\"><em>Par Lise<\/em><\/p>\n<p style=\"text-align: center;\"><a href=\"http:\/\/grandissons.org\/wp-content\/uploads\/2015\/10\/baby-367438.jpg\"><img decoding=\"async\" loading=\"lazy\" class=\"aligncenter size-medium wp-image-2391\" src=\"http:\/\/grandissons.org\/wp-content\/uploads\/2015\/10\/baby-367438-300x169.jpg\" alt=\"baby-367438\" width=\"300\" height=\"169\" srcset=\"https:\/\/grandissons.org\/wp-content\/uploads\/2015\/10\/baby-367438-300x169.jpg 300w, https:\/\/grandissons.org\/wp-content\/uploads\/2015\/10\/baby-367438.jpg 1024w, https:\/\/grandissons.org\/wp-content\/uploads\/2015\/10\/baby-367438-133x75.jpg 133w\" sizes=\"(max-width: 300px) 100vw, 300px\" \/><\/a><\/p>\n<p style=\"text-align: justify;\">Il y a quelques jours, un monsieur aux cheveux blancs m\u2019a abord\u00e9e dans la rue, alors que je marchais main dans la main avec ma petite Loutre. Peut-\u00eatre avait-il pens\u00e9 que je venais de la rabrouer (je venais, de fait, de lui intimer de me donner la main car nous \u00e9tions au bord d\u2019une route o\u00f9 passaient beaucoup de v\u00e9hicules \u00e0 vive allure), peut-\u00eatre avait-il juste envie de me communiquer son id\u00e9e. \u00ab\u00a0<em>Rappelons-nous lorsque nous \u00e9tions nous-m\u00eames enfant\u00a0<\/em>\u00bb, a-t-il d\u00e9clar\u00e9 sobrement.<\/p>\n<p style=\"text-align: justify;\">En v\u00e9rit\u00e9, c\u2019est une r\u00e9flexion que je me fais souvent. J\u2019ai un souvenir vif d\u2019avoir, vers 5 ans, couru dans un bois avec une amie de mon \u00e2ge. Celle-ci s\u2019est faite s\u00e8chement r\u00e9primander pour une raison qui m\u2019a sembl\u00e9 \u00e0 l\u2019\u00e9poque injuste (et que j\u2019ai aujourd\u2019hui oubli\u00e9e), et elle m\u2019a alors dit\u00a0:<\/p>\n<blockquote>\n<p style=\"text-align: justify;\">\u00ab\u00a0Quand je serai grande, je me rappellerai toujours de \u00e7a, et je ne le ferai jamais \u00e0 mes enfants\u00a0!<\/p>\n<p style=\"text-align: justify;\">&#8211; Moi aussi, ai-je promis.\u00a0\u00bb<\/p>\n<\/blockquote>\n<p style=\"text-align: justify;\">La suite de l\u2019histoire veut que, lorsque j\u2019ai r\u00e9cemment racont\u00e9 cette histoire \u00e0 l\u2019amie en question, elle aussi devenue maman, celle-ci m\u2019ait avou\u00e9 n\u2019en avoir pas le moindre souvenir. Et, m\u2019a-t-il sembl\u00e9, pas le moindre regret d\u2019avoir oubli\u00e9. Or, c\u2019est cela que je trouve le plus terrible, ce d\u00e9tachement, ce d\u00e9sint\u00e9r\u00eat. Je me souviens m\u2019\u00eatre souvent demand\u00e9, \u00e9tant enfant, comment il se faisait que la majeure partie des adultes semblaient ne pas se rappeler de ce qu\u2019ils avaient ressenti \u00e9tant enfants et agissent comme s\u2019ils ne l\u2019avaient jamais \u00e9t\u00e9. En fait, cela \u00e9tait, en v\u00e9rit\u00e9, assez rare en ce qui concernait mes parents, qui, tout deux, nous racontaient des histoires de leur enfance et semblaient assez bien se rappeler de \u00ab\u00a0ce que cela faisait\u00a0\u00bb. J\u2019\u00e9tais donc rassur\u00e9e quant au fait que c\u2019\u00e9tait possible, et que plus tard, moi aussi, je me souviendrai et agirai en fonction. D\u2019autre part, si le myst\u00e8re restait entier concernant les autres adultes, je me disais que les enfants de mon \u00e2ge, qui grandissaient en observant ce que j\u2019observais, feraient forc\u00e9ment diff\u00e9remment lorsqu\u2019ils seraient \u00e0 leur tour adultes. Et pourtant\u2026 lorsque je regarde autour de moi au parc, dans la rue, force m\u2019est de constater que les nouveaux parents de mon \u00e2ge sont en tout semblables \u00e0 leurs parents, frapp\u00e9s \u00e0 leur tour par l\u2019oubli. Et pourtant, nous, ce n\u2019est pas pareil\u00a0: nous \u00e9tions enfant il y a peu de temps\u2026 non\u00a0?<\/p>\n<p style=\"text-align: justify;\">Quand je parle d\u2019oubli et de d\u00e9tachement, je ne veux pas parler des souvenirs consciemment imprim\u00e9s en m\u00e9moire que, bon gr\u00e9 mal gr\u00e9, on a pu oublier. En v\u00e9rit\u00e9, ce qui me semble important, ce n\u2019est pas tant de se rappeler v\u00e9ritablement, mais de chercher, aussi souvent que possible, \u00e0 imaginer, \u00e0 se projeter, \u00e0 s\u2019immerger dans la peau de l\u2019enfant qu\u2019on a \u00e9t\u00e9, ou, plus encore, de celui qui se trouve actuellement devant nos yeux et qui, lorsque l\u2019on reste bien ancr\u00e9 dans son regard d\u2019adulte actuel, semble parfois si incompr\u00e9hensible. Bref, l\u2019id\u00e9e n\u2019est pas de se couper les jambes pour \u00eatre \u00e0 sa hauteur, mais simplement de se rappeler, aussi souvent que possible, de plier les genoux pour croiser son regard\u2026<\/p>\n<p style=\"text-align: justify;\">Ainsi, parfois, je joue au jeu du retour en arri\u00e8re. Je me replonge dans quelque souvenirs, et hop\u00a0! Je regarde \u00e0 travers les yeux de celle que j\u2019\u00e9tais. Ce n\u2019est plus \u00e0 la place du parent qui est en face de moi que je me mets, mais \u00e0 celle de l\u2019enfant. Eh\u00a0! bien, se sentir soudain tout petit alors qu\u2019on en a perdu l\u2019habitude, \u00e7a fait dr\u00f4le, et \u00e7a aide bien \u00e0 r\u00e9fl\u00e9chir. Evidemment, apr\u00e8s ce genre d\u2019exercice, j\u2019ai du mal \u00e0 dire \u00e0 ma fille \u00ab\u00a0on arr\u00eate de jouer, c\u2019est l\u2019heure de rentrer\u00a0\u00bb, tant je me souviens avoir pens\u00e9 \u00ab\u00a0<em>quand je serai grande\u2026 je laisserai mes enfants jouer tant qu\u2019ils voudront, parce que je me rappellerai comme c\u2019est difficile d\u2019arr\u00eater un jeu en plein milieu, et triste de quitter des copains qu\u2019on s\u2019est \u00e0 peine faits<\/em>\u00a0\u00bb\u2026 Mais, de fa\u00e7on presque magique, j\u2019ai l\u2019impression que la mani\u00e8re dont je pr\u00e9pare, formule et explique ma demande est bien diff\u00e9rente, car elle obtient (la plupart du temps\u2026) un r\u00e9sultat plus simple et plus paisible qu\u2019un imp\u00e9ratif \u00ab<em>\u00a0c\u2019est fini, on y va\u00a0!\u00a0<\/em>\u00bb lanc\u00e9 un jour press\u00e9.<\/p>\n<p style=\"text-align: justify;\">La question que je me pose \u00e0 ce point est\u00a0: \u00ab\u00a0est-il possible que tous ces adultes ne se rappellent VRAIMENT pas\u00a0?\u00a0\u00bb Ont-ils vraiment oubli\u00e9, n\u2019ont-ils pas l\u2019id\u00e9e de se souvenir, pas l\u2019envie\u2026\u00a0? Cela m\u2019int\u00e9resserait de le savoir. Je ne parle pas tant de souvenirs pr\u00e9cis que l\u2019on peut raconter, que de sensations diffuses perceptibles \u00e0 nouveau, m\u00eame de mani\u00e8re vague, en \u00ab\u00a0pliant un peu les genoux\u00a0\u00bb\u2026 De plus, je ne suis pas certaine que pour comprendre ce qu\u2019un enfant ressent et la mani\u00e8re dont on pourrait lui rendre les choses plus faciles il soit absolument n\u00e9cessaire de se souvenir de sa toute petite enfance\u00a0: et la semaine derni\u00e8re, quand vous vous amusiez comme un fou\/folle avec vos amis et qu\u2019il a fallu partir brusquement\u00a0? Ou il y a une heure, quand vous avez eu envie d\u2019un croissant au beurre et que\u2026 personne ne vous a r\u00e9pondu qu\u2019il s\u2019agissait d\u2019un caprice et que ce n\u2019\u00e9tait pas l\u2019heure un point c\u2019est tout\u2026\u00a0? Et oui, l\u2019enfant-vrai-petite-personne, pour se mettre \u00e0 sa place, il suffit\u2026 de s\u2019y mettre en tant que personne pareil-un-peu-plus-haute. (1)<\/p>\n<p style=\"text-align: justify;\">\n<p style=\"text-align: justify;\">\n<p style=\"text-align: justify;\">\n<hr \/>\n<p style=\"text-align: justify;\">\n<ol style=\"text-align: justify;\">\n<li>Je ne suis pas en train de dire par cela qu\u2019il faut acc\u00e9der \u00e0 toutes ses demandes, seulement que l\u2019on peut comprendre celles-ci comme \u00e9tant recevables de la m\u00eame mani\u00e8re que celle de n\u2019importe qui et qu\u2019elles exigent une r\u00e9ponse (f\u00fbt-elle un refus) formul\u00e9 de la m\u00eame mani\u00e8re qu\u2019on la souhaiterait formul\u00e9e pour nous. (2)<\/li>\n<li>Et c\u2019est l\u00e0 que vous allez me r\u00e9pondre\u00a0: \u00ab\u00a0oui, mais si alors mon enfant se met \u00e0 crier, \u00e0 se rouler par terre, lui ne r\u00e9pondra pas comme je le ferais\u00a0\u00bb, et moi, j\u2019oserai dire\u00a0: \u00ab\u00a0C\u2019est au parent de se comporter avec son enfant comme s\u2019il \u00e9tait lui-m\u00eame (ou tout autre personne respectable), l\u2019enfant, lui, est un enfant, et il n\u2019a pas \u00e0 se comporter en r\u00e9ponse comme un adulte\u00a0\u00bb. L\u00e0, vous allez peut-\u00eatre vous f\u00e2cher, et me dire\u00a0: \u00ab\u00a0mais c\u2019est idiot, je ne vois pas pourquoi moi, je devrais r\u00e9pondre \u00e0 de telles exigences, alors que lui, il fait n\u2019importe quoi, il crie, et tout \u00e7a. C\u2019est pas juste\u00a0!\u00a0\u00bb Et\u2026 que r\u00e9pondriez-vous, justement, \u00e0 votre enfant, s\u2019il vous disait une telle chose alors que vous \u00eates en train de lui demander de faire des efforts\u00a0? Euh\u2026 la boucle est boucl\u00e9e, n\u2019est-ce pas\u00a0?<\/li>\n<\/ol>\n","protected":false},"excerpt":{"rendered":"<p>Par Lise Il y a quelques jours, un monsieur aux cheveux blancs m\u2019a abord\u00e9e dans la rue, alors que je marchais main dans la main avec ma petite Loutre. Peut-\u00eatre avait-il pens\u00e9 que je venais de la rabrouer (je venais, de fait, de lui intimer de me donner la main car nous \u00e9tions au bord &#8230;<span class=\"read-more\"><a href=\"https:\/\/grandissons.org\/?p=2390\">>>Read more<\/a><\/span><\/p>\n","protected":false},"author":1,"featured_media":0,"comment_status":"open","ping_status":"open","sticky":false,"template":"","format":"standard","meta":{"footnotes":""},"categories":[32],"tags":[77,34,3,18],"_links":{"self":[{"href":"https:\/\/grandissons.org\/index.php?rest_route=\/wp\/v2\/posts\/2390"}],"collection":[{"href":"https:\/\/grandissons.org\/index.php?rest_route=\/wp\/v2\/posts"}],"about":[{"href":"https:\/\/grandissons.org\/index.php?rest_route=\/wp\/v2\/types\/post"}],"author":[{"embeddable":true,"href":"https:\/\/grandissons.org\/index.php?rest_route=\/wp\/v2\/users\/1"}],"replies":[{"embeddable":true,"href":"https:\/\/grandissons.org\/index.php?rest_route=%2Fwp%2Fv2%2Fcomments&post=2390"}],"version-history":[{"count":1,"href":"https:\/\/grandissons.org\/index.php?rest_route=\/wp\/v2\/posts\/2390\/revisions"}],"predecessor-version":[{"id":2392,"href":"https:\/\/grandissons.org\/index.php?rest_route=\/wp\/v2\/posts\/2390\/revisions\/2392"}],"wp:attachment":[{"href":"https:\/\/grandissons.org\/index.php?rest_route=%2Fwp%2Fv2%2Fmedia&parent=2390"}],"wp:term":[{"taxonomy":"category","embeddable":true,"href":"https:\/\/grandissons.org\/index.php?rest_route=%2Fwp%2Fv2%2Fcategories&post=2390"},{"taxonomy":"post_tag","embeddable":true,"href":"https:\/\/grandissons.org\/index.php?rest_route=%2Fwp%2Fv2%2Ftags&post=2390"}],"curies":[{"name":"wp","href":"https:\/\/api.w.org\/{rel}","templated":true}]}}