{"id":4256,"global_id":"grandissons.org?id=4256","global_id_lineage":["grandissons.org?id=4256"],"author":"1","status":"publish","date":"2022-02-18 11:42:53","date_utc":"2022-02-18 10:42:53","modified":"2022-02-18 11:43:32","modified_utc":"2022-02-18 10:43:32","url":"https:\/\/grandissons.org\/?tribe_events=reunion-virtuelle-allaiter-durant-la-grossesse-et-co-allaiter","rest_url":"https:\/\/grandissons.org\/index.php?rest_route=\/tribe\/events\/v1\/events\/4256","title":"r\u00e9union virtuelle allaiter durant la grossesse et co-allaiter","description":"<p>La l\u00e8che League et grandissons vous propose une rencontre en visio, autour de l&rsquo;allaitement durant la grossesse et le co-allaitement.<br \/>\nr\u00e9union ouverte a toutes personnes int\u00e9ress\u00e9es et concern\u00e9es par ce sujet.<br \/>\ninscription n\u00e9cessaire sur reunionlllf.azur@gmail.com.<br \/>\nvous recevrez les codes de connexion la veille de la r\u00e9union.<br \/>\npour plus d&rsquo;info appelez Fr\u00e9d\u00e9rique au 0758519295<a href=\"https:\/\/grandissons.org\/wp-content\/uploads\/2022\/02\/allaiter-pendant-sa-grossesse-et-co-allaiter.png\"><img decoding=\"async\" loading=\"lazy\" class=\"size-full wp-image-4257 aligncenter\" src=\"https:\/\/grandissons.org\/wp-content\/uploads\/2022\/02\/allaiter-pendant-sa-grossesse-et-co-allaiter.png\" alt=\"\" width=\"940\" height=\"788\" srcset=\"https:\/\/grandissons.org\/wp-content\/uploads\/2022\/02\/allaiter-pendant-sa-grossesse-et-co-allaiter.png 940w, https:\/\/grandissons.org\/wp-content\/uploads\/2022\/02\/allaiter-pendant-sa-grossesse-et-co-allaiter-300x251.png 300w, https:\/\/grandissons.org\/wp-content\/uploads\/2022\/02\/allaiter-pendant-sa-grossesse-et-co-allaiter-768x644.png 768w, https:\/\/grandissons.org\/wp-content\/uploads\/2022\/02\/allaiter-pendant-sa-grossesse-et-co-allaiter-133x111.png 133w\" sizes=\"(max-width: 940px) 100vw, 940px\" \/><\/a><\/p>","excerpt":"","slug":"reunion-virtuelle-allaiter-durant-la-grossesse-et-co-allaiter","image":false,"all_day":false,"start_date":"2022-03-12 10:00:00","start_date_details":{"year":"2022","month":"03","day":"12","hour":"10","minutes":"00","seconds":"00"},"end_date":"2022-03-12 11:30:00","end_date_details":{"year":"2022","month":"03","day":"12","hour":"11","minutes":"30","seconds":"00"},"utc_start_date":"2022-03-12 09:00:00","utc_start_date_details":{"year":"2022","month":"03","day":"12","hour":"09","minutes":"00","seconds":"00"},"utc_end_date":"2022-03-12 10:30:00","utc_end_date_details":{"year":"2022","month":"03","day":"12","hour":"10","minutes":"30","seconds":"00"},"timezone":"UTC+1","timezone_abbr":"UTC+1","cost":"","cost_details":{"currency_symbol":"","currency_code":"","currency_position":"suffix","values":[]},"website":"","show_map":false,"show_map_link":false,"hide_from_listings":false,"sticky":false,"featured":false,"categories":[{"name":"Allaitement","slug":"allaitement-2","term_group":0,"term_taxonomy_id":84,"taxonomy":"tribe_events_cat","description":"","parent":0,"count":59,"filter":"raw","id":83,"urls":{"self":"https:\/\/grandissons.org\/index.php?rest_route=\/tribe\/events\/v1\/categories\/83","collection":"https:\/\/grandissons.org\/index.php?rest_route=\/tribe\/events\/v1\/categories"}},{"name":"Caf\u00e9 des parents","slug":"cafe-des-parents","term_group":0,"term_taxonomy_id":82,"taxonomy":"tribe_events_cat","description":"","parent":0,"count":125,"filter":"raw","id":81,"urls":{"self":"https:\/\/grandissons.org\/index.php?rest_route=\/tribe\/events\/v1\/categories\/81","collection":"https:\/\/grandissons.org\/index.php?rest_route=\/tribe\/events\/v1\/categories"}},{"name":"R\u00e9union","slug":"reunion","term_group":0,"term_taxonomy_id":98,"taxonomy":"tribe_events_cat","description":"","parent":0,"count":28,"filter":"raw","id":96,"urls":{"self":"https:\/\/grandissons.org\/index.php?rest_route=\/tribe\/events\/v1\/categories\/96","collection":"https:\/\/grandissons.org\/index.php?rest_route=\/tribe\/events\/v1\/categories"}}],"tags":[],"venue":[],"organizer":[{"id":956,"author":"1","status":"publish","date":"2014-05-14 13:15:14","date_utc":"2014-05-14 12:15:14","modified":"2017-12-08 15:40:20","modified_utc":"2017-12-08 14:40:20","url":"https:\/\/grandissons.org\/?tribe_organizer=fred","organizer":"Fred","slug":"fred","phone":"06 64 21 08 58","email":"fred@grandissons.fr","json_ld":{"@type":"Person","name":"Fred","description":"","url":"","telephone":"06 64 21 08 58","email":"&#102;red&#64;g&#114;and&#105;&#115;&#115;&#111;ns&#46;fr","sameAs":""},"global_id":"grandissons.org?id=956","global_id_lineage":["grandissons.org?id=956"]}],"json_ld":{"@context":"http:\/\/schema.org","@type":"Event","name":"r\u00e9union virtuelle allaiter durant la grossesse et co-allaiter","description":"&lt;p&gt;La l\u00e8che League et grandissons vous propose une rencontre en visio, autour de l\\'allaitement durant la grossesse et le co-allaitement. r\u00e9union ouverte a toutes personnes int\u00e9ress\u00e9es et concern\u00e9es par ce sujet. inscription n\u00e9cessaire sur reunionlllf.azur@gmail.com. vous recevrez les codes de connexion la veille de la r\u00e9union. pour plus d\\'info appelez Fr\u00e9d\u00e9rique au 0758519295&lt;\/p&gt;\\n","url":"https:\/\/grandissons.org\/?tribe_events=reunion-virtuelle-allaiter-durant-la-grossesse-et-co-allaiter","eventAttendanceMode":"https:\/\/schema.org\/OfflineEventAttendanceMode","eventStatus":"https:\/\/schema.org\/EventScheduled","startDate":"2022-03-12T10:00:00+01:00","endDate":"2022-03-12T11:30:00+01:00","organizer":{"@type":"Person","name":"Fred","description":"","url":"","telephone":"06 64 21 08 58","email":"&#102;&#114;e&#100;&#64;&#103;&#114;a&#110;&#100;&#105;&#115;&#115;&#111;&#110;&#115;&#46;f&#114;","sameAs":""},"performer":"Organization"}}