{"id":4244,"global_id":"grandissons.org?id=4244","global_id_lineage":["grandissons.org?id=4244"],"author":"1","status":"publish","date":"2022-02-03 23:09:17","date_utc":"2022-02-03 22:09:17","modified":"2022-03-06 22:33:49","modified_utc":"2022-03-06 21:33:49","url":"https:\/\/grandissons.org\/?tribe_events=cafe-des-familles-expatriees-ou-pluri-lingues-culturelles","rest_url":"https:\/\/grandissons.org\/index.php?rest_route=\/tribe\/events\/v1\/events\/4244","title":"Caf\u00e9 des familles expatri\u00e9es ou pluri-lingues\/culturelles","description":"<p>Vous avez envie d&rsquo;\u00e9changer sur les joies, les d\u00e9couvertes, les difficult\u00e9s et les questionnement de vivre avec sa famille dans autre pays que celui o\u00f9 on a grandi ?<\/p>\n<p>&nbsp;<\/p>\n<p>Cette rencontre virtuelle et cependant conviviale est l\u00e0 tout expr\u00e8s. On peut y faire connaissance, bavarder, se questionner sur les probl\u00e9matiques rencontr\u00e9es (bilinguisme, d\u00e9paysement, joies des d\u00e9couvertes) et y \u00e9changer des anecdotes amusantes.<\/p>\n<p>Inscription \u00e0 grandissons@yahoo.com ou par mp sur Facebook Grandissons Asso.<\/p>\n<p>Lien de connexion : https:\/\/us02web.zoom.us\/j\/81236746451<\/p>","excerpt":"","slug":"cafe-des-familles-expatriees-ou-pluri-lingues-culturelles","image":false,"all_day":false,"start_date":"2022-03-14 20:30:00","start_date_details":{"year":"2022","month":"03","day":"14","hour":"20","minutes":"30","seconds":"00"},"end_date":"2022-03-14 22:00:00","end_date_details":{"year":"2022","month":"03","day":"14","hour":"22","minutes":"00","seconds":"00"},"utc_start_date":"2022-03-14 19:30:00","utc_start_date_details":{"year":"2022","month":"03","day":"14","hour":"19","minutes":"30","seconds":"00"},"utc_end_date":"2022-03-14 21:00:00","utc_end_date_details":{"year":"2022","month":"03","day":"14","hour":"21","minutes":"00","seconds":"00"},"timezone":"UTC+1","timezone_abbr":"UTC+1","cost":"","cost_details":{"currency_symbol":"","currency_code":"","currency_position":"suffix","values":[]},"website":"","show_map":true,"show_map_link":true,"hide_from_listings":false,"sticky":false,"featured":false,"categories":[{"name":"Bilinguisme","slug":"bilinguisme","term_group":0,"term_taxonomy_id":80,"taxonomy":"tribe_events_cat","description":"","parent":0,"count":67,"filter":"raw","id":169,"urls":{"self":"https:\/\/grandissons.org\/index.php?rest_route=\/tribe\/events\/v1\/categories\/169","collection":"https:\/\/grandissons.org\/index.php?rest_route=\/tribe\/events\/v1\/categories"}},{"name":"Caf\u00e9 des parents","slug":"cafe-des-parents","term_group":0,"term_taxonomy_id":82,"taxonomy":"tribe_events_cat","description":"","parent":0,"count":125,"filter":"raw","id":81,"urls":{"self":"https:\/\/grandissons.org\/index.php?rest_route=\/tribe\/events\/v1\/categories\/81","collection":"https:\/\/grandissons.org\/index.php?rest_route=\/tribe\/events\/v1\/categories"}}],"tags":[],"venue":{"id":3980,"author":"1","status":"publish","date":"2021-03-07 23:02:10","date_utc":"2021-03-07 22:02:10","modified":"2021-03-07 23:02:10","modified_utc":"2021-03-07 22:02:10","url":"https:\/\/grandissons.org\/?tribe_venue=zoom","venue":"ZOOM","slug":"zoom","json_ld":{"@type":"Place","name":"ZOOM","description":"","url":"","address":{"@type":"PostalAddress"},"telephone":"","sameAs":""},"show_map":true,"show_map_link":true,"global_id":"grandissons.org?id=3980","global_id_lineage":["grandissons.org?id=3980"]},"organizer":[{"id":942,"author":"1","status":"publish","date":"2014-05-14 12:41:25","date_utc":"2014-05-14 11:41:25","modified":"2014-05-14 12:41:25","modified_utc":"2014-05-14 11:41:25","url":"https:\/\/grandissons.org\/?tribe_organizer=lise","organizer":"Lise","slug":"lise","json_ld":{"@type":"Person","name":"Lise","description":"","url":"","telephone":"","email":"","sameAs":""},"global_id":"grandissons.org?id=942","global_id_lineage":["grandissons.org?id=942"]}],"json_ld":{"@context":"http:\/\/schema.org","@type":"Event","name":"Caf\u00e9 des familles expatri\u00e9es ou pluri-lingues\/culturelles","description":"&lt;p&gt;Vous avez envie d\\'\u00e9changer sur les joies, les d\u00e9couvertes, les difficult\u00e9s et les questionnement de vivre avec sa famille dans autre pays que celui o\u00f9 on a grandi ? &nbsp; Cette rencontre virtuelle et cependant conviviale est l\u00e0 tout expr\u00e8s. On peut y faire connaissance, bavarder, se questionner sur les probl\u00e9matiques rencontr\u00e9es (bilinguisme, d\u00e9paysement, joies ...&lt;span class=&quot;read-more&quot;&gt;&lt;a href=&quot;https:\/\/grandissons.org\/?tribe_events=cafe-des-familles-expatriees-ou-pluri-lingues-culturelles&quot;&gt;&gt;&gt;Read more&lt;\/a&gt;&lt;\/span&gt;&lt;\/p&gt;\\n","url":"https:\/\/grandissons.org\/?tribe_events=cafe-des-familles-expatriees-ou-pluri-lingues-culturelles","eventAttendanceMode":"https:\/\/schema.org\/OfflineEventAttendanceMode","eventStatus":"https:\/\/schema.org\/EventScheduled","startDate":"2022-03-14T20:30:00+01:00","endDate":"2022-03-14T22:00:00+01:00","location":{"@type":"Place","name":"ZOOM","description":"","url":"","address":{"@type":"PostalAddress"},"telephone":"","sameAs":""},"organizer":{"@type":"Person","name":"Lise","description":"","url":"","telephone":"","email":"","sameAs":""},"performer":"Organization"}}