{"id":4077,"global_id":"grandissons.org?id=4077","global_id_lineage":["grandissons.org?id=4077"],"author":"1","status":"publish","date":"2021-05-28 09:48:30","date_utc":"2021-05-28 08:48:30","modified":"2021-05-28 09:48:30","modified_utc":"2021-05-28 08:48:30","url":"https:\/\/grandissons.org\/?tribe_events=atelier-faber-et-mazlich-2-7","rest_url":"https:\/\/grandissons.org\/index.php?rest_route=\/tribe\/events\/v1\/events\/4077","title":"Atelier Faber et Mazlich (2\/7)","description":"<p><a href=\"https:\/\/grandissons.org\/wp-content\/uploads\/2021\/05\/185782592_10157648853486262_3539468573071897447_n.jpg\"><img decoding=\"async\" loading=\"lazy\" class=\"aligncenter wp-image-4074\" src=\"https:\/\/grandissons.org\/wp-content\/uploads\/2021\/05\/185782592_10157648853486262_3539468573071897447_n.jpg\" alt=\"\" width=\"336\" height=\"189\" srcset=\"https:\/\/grandissons.org\/wp-content\/uploads\/2021\/05\/185782592_10157648853486262_3539468573071897447_n.jpg 1707w, https:\/\/grandissons.org\/wp-content\/uploads\/2021\/05\/185782592_10157648853486262_3539468573071897447_n-300x169.jpg 300w, https:\/\/grandissons.org\/wp-content\/uploads\/2021\/05\/185782592_10157648853486262_3539468573071897447_n-1024x576.jpg 1024w, https:\/\/grandissons.org\/wp-content\/uploads\/2021\/05\/185782592_10157648853486262_3539468573071897447_n-768x432.jpg 768w, https:\/\/grandissons.org\/wp-content\/uploads\/2021\/05\/185782592_10157648853486262_3539468573071897447_n-1536x864.jpg 1536w, https:\/\/grandissons.org\/wp-content\/uploads\/2021\/05\/185782592_10157648853486262_3539468573071897447_n-133x75.jpg 133w\" sizes=\"(max-width: 336px) 100vw, 336px\" \/><\/a>Cycle de 7 ateliers \u00ab\u00a0Parler pour que les enfants \u00e9coutent, \u00e9couter pour que les enfants parlent\u00a0\u00bb Faber et Mazlish, \u00e0 Cagnes sur Mer, avec Vicky Brougiannaki, coach parentale.<br \/>\nTous les vendredis de 13h30 \u00e0 16h00 du 8 janvier au 19 f\u00e9vrier 2021.<br \/>\nAttention, limit\u00e9 \u00e0 6 participants ! Pour tous renseignements ou pour vous inscrire, merci de contacter directement Vicky Brougiannaki (tel sur l&rsquo;affiche) ou grandissons@yahoo.com<br \/>\nQue vous soyez parent, futur parent ou grand-parent, on vous propose une s\u00e9rie de 7 ateliers de communication interg\u00e9n\u00e9rationnelle.<br \/>\nCes ateliers vous donneront les bases de la parentalit\u00e9 bienveillante ainsi que des outils concrets pour faire face aux diff\u00e9rentes situations que l&rsquo;on rencontre au quotidien avec les enfants.<br \/>\nNous parlerons des \u00e9motions ainsi que des besoins des enfants. Nous apprendrons \u00e0 les guider vers l&rsquo;autonomie, sans cris, sans punitions, sans violence.<br \/>\nEn participant \u00e0 cet atelier vous apprendrez \u00e0 :<br \/>\n&#8211; Accueillir les \u00e9motions difficiles des enfants<br \/>\n&#8211; Exprimer vos propres \u00e9motions, besoins et d\u00e9saccords sans blesser<br \/>\n&#8211; Susciter le d\u00e9sir de coop\u00e9rer chez l&rsquo;enfant<br \/>\n&#8211; Utiliser des alternatives \u00e0 la punition<br \/>\n&#8211; R\u00e9soudre les conflits familiaux dans une ambiance de calme et de coop\u00e9ration<br \/>\n&#8230; pour le plus grand bonheur de tous !<\/p>","excerpt":"","slug":"atelier-faber-et-mazlich-2-7","image":false,"all_day":false,"start_date":"2021-06-04 08:00:00","start_date_details":{"year":"2021","month":"06","day":"04","hour":"08","minutes":"00","seconds":"00"},"end_date":"2021-06-04 17:00:00","end_date_details":{"year":"2021","month":"06","day":"04","hour":"17","minutes":"00","seconds":"00"},"utc_start_date":"2021-06-04 06:00:00","utc_start_date_details":{"year":"2021","month":"06","day":"04","hour":"06","minutes":"00","seconds":"00"},"utc_end_date":"2021-06-04 15:00:00","utc_end_date_details":{"year":"2021","month":"06","day":"04","hour":"15","minutes":"00","seconds":"00"},"timezone":"UTC+1","timezone_abbr":"UTC+1","cost":"","cost_details":{"currency_symbol":"","currency_code":"","currency_position":"suffix","values":[]},"website":"","show_map":true,"show_map_link":true,"hide_from_listings":false,"sticky":false,"featured":false,"categories":[{"name":"Atelier","slug":"atelier","term_group":0,"term_taxonomy_id":89,"taxonomy":"tribe_events_cat","description":"","parent":0,"count":109,"filter":"raw","id":88,"urls":{"self":"https:\/\/grandissons.org\/index.php?rest_route=\/tribe\/events\/v1\/categories\/88","collection":"https:\/\/grandissons.org\/index.php?rest_route=\/tribe\/events\/v1\/categories"}},{"name":"Ev\u00e9nement r\u00e9gulier","slug":"evenement-regulier","term_group":0,"term_taxonomy_id":167,"taxonomy":"tribe_events_cat","description":"","parent":0,"count":122,"filter":"raw","id":165,"urls":{"self":"https:\/\/grandissons.org\/index.php?rest_route=\/tribe\/events\/v1\/categories\/165","collection":"https:\/\/grandissons.org\/index.php?rest_route=\/tribe\/events\/v1\/categories"}},{"name":"Parentalit\u00e9","slug":"parentalite","term_group":0,"term_taxonomy_id":220,"taxonomy":"tribe_events_cat","description":"","parent":0,"count":28,"filter":"raw","id":220,"urls":{"self":"https:\/\/grandissons.org\/index.php?rest_route=\/tribe\/events\/v1\/categories\/220","collection":"https:\/\/grandissons.org\/index.php?rest_route=\/tribe\/events\/v1\/categories"}}],"tags":[],"venue":{"id":3980,"author":"1","status":"publish","date":"2021-03-07 23:02:10","date_utc":"2021-03-07 22:02:10","modified":"2021-03-07 23:02:10","modified_utc":"2021-03-07 22:02:10","url":"https:\/\/grandissons.org\/?tribe_venue=zoom","venue":"ZOOM","slug":"zoom","json_ld":{"@type":"Place","name":"ZOOM","description":"","url":"","address":{"@type":"PostalAddress"},"telephone":"","sameAs":""},"show_map":true,"show_map_link":true,"global_id":"grandissons.org?id=3980","global_id_lineage":["grandissons.org?id=3980"]},"organizer":[],"json_ld":{"@context":"http:\/\/schema.org","@type":"Event","name":"Atelier Faber et Mazlich (2\/7)","description":"&lt;p&gt;Cycle de 7 ateliers &quot;Parler pour que les enfants \u00e9coutent, \u00e9couter pour que les enfants parlent&quot; Faber et Mazlish, \u00e0 Cagnes sur Mer, avec Vicky Brougiannaki, coach parentale. Tous les vendredis de 13h30 \u00e0 16h00 du 8 janvier au 19 f\u00e9vrier 2021. Attention, limit\u00e9 \u00e0 6 participants ! Pour tous renseignements ou pour vous inscrire, ...&lt;span class=&quot;read-more&quot;&gt;&lt;a href=&quot;https:\/\/grandissons.org\/?tribe_events=atelier-faber-et-mazlich-2-7&quot;&gt;&gt;&gt;Read more&lt;\/a&gt;&lt;\/span&gt;&lt;\/p&gt;\\n","url":"https:\/\/grandissons.org\/?tribe_events=atelier-faber-et-mazlich-2-7","eventAttendanceMode":"https:\/\/schema.org\/OfflineEventAttendanceMode","eventStatus":"https:\/\/schema.org\/EventScheduled","startDate":"2021-06-04T08:00:00+01:00","endDate":"2021-06-04T17:00:00+01:00","location":{"@type":"Place","name":"ZOOM","description":"","url":"","address":{"@type":"PostalAddress"},"telephone":"","sameAs":""},"organizer":false,"performer":"Organization"}}