{"id":2188,"global_id":"grandissons.org?id=2188","global_id_lineage":["grandissons.org?id=2188"],"author":"1","status":"publish","date":"2015-05-11 10:19:56","date_utc":"2015-05-11 09:19:56","modified":"2015-05-11 10:19:56","modified_utc":"2015-05-11 09:19:56","url":"https:\/\/grandissons.org\/?tribe_events=les-mini-grands-a-bellet-4","rest_url":"https:\/\/grandissons.org\/index.php?rest_route=\/tribe\/events\/v1\/events\/2188","title":"Les mini-grands \u00e0 Bellet","description":"<p style=\"text-align: justify;\">Des r\u00e9unions m\u00ealant discussions sur la parentalit\u00e9 et activit\u00e9s avec les enfants !<\/p>\n<p>Une fois par mois, le\u00a0vendredi <strong>de 15h \u00e0 19h<\/strong> (repas du soir des enfants compris \u00e0 18h).<\/p>\n<p>Toutes les infos <a href=\"http:\/\/grandissons.org\/?page_id=1761\" target=\"_blank\">ici<\/a>.<\/p>\n<p><a href=\"http:\/\/grandissons.org\/wp-content\/uploads\/2015\/02\/hand-93168r.jpg\"><img decoding=\"async\" loading=\"lazy\" class=\"aligncenter size-large wp-image-1764\" src=\"http:\/\/grandissons.org\/wp-content\/uploads\/2015\/02\/hand-93168r-1024x680.jpg\" alt=\"hand-93168r\" width=\"670\" height=\"445\" srcset=\"https:\/\/grandissons.org\/wp-content\/uploads\/2015\/02\/hand-93168r.jpg 1024w, https:\/\/grandissons.org\/wp-content\/uploads\/2015\/02\/hand-93168r-300x199.jpg 300w\" sizes=\"(max-width: 670px) 100vw, 670px\" \/><\/a>Inscrivez-vous !<\/p>\n<p>&nbsp;<\/p>","excerpt":"","slug":"les-mini-grands-a-bellet-4","image":false,"all_day":false,"start_date":"2015-05-29 15:00:00","start_date_details":{"year":"2015","month":"05","day":"29","hour":"15","minutes":"00","seconds":"00"},"end_date":"2015-05-29 19:00:00","end_date_details":{"year":"2015","month":"05","day":"29","hour":"19","minutes":"00","seconds":"00"},"utc_start_date":"2015-05-29 13:00:00","utc_start_date_details":{"year":"2015","month":"05","day":"29","hour":"13","minutes":"00","seconds":"00"},"utc_end_date":"2015-05-29 17:00:00","utc_end_date_details":{"year":"2015","month":"05","day":"29","hour":"17","minutes":"00","seconds":"00"},"timezone":"Europe\/Paris","timezone_abbr":"CEST","cost":"","cost_details":{"currency_symbol":"\u20ac","currency_code":"","currency_position":"suffix","values":[]},"website":"","show_map":false,"show_map_link":false,"hide_from_listings":false,"sticky":false,"featured":false,"categories":[{"name":"Atelier","slug":"atelier","term_group":0,"term_taxonomy_id":89,"taxonomy":"tribe_events_cat","description":"","parent":0,"count":109,"filter":"raw","id":88,"urls":{"self":"https:\/\/grandissons.org\/index.php?rest_route=\/tribe\/events\/v1\/categories\/88","collection":"https:\/\/grandissons.org\/index.php?rest_route=\/tribe\/events\/v1\/categories"}},{"name":"Nice","slug":"nice","term_group":0,"term_taxonomy_id":86,"taxonomy":"tribe_events_cat","description":"","parent":0,"count":197,"filter":"raw","id":85,"urls":{"self":"https:\/\/grandissons.org\/index.php?rest_route=\/tribe\/events\/v1\/categories\/85","collection":"https:\/\/grandissons.org\/index.php?rest_route=\/tribe\/events\/v1\/categories"}},{"name":"R\u00e9serv\u00e9 aux adh\u00e9rents","slug":"reserve-aux-adherents","term_group":0,"term_taxonomy_id":90,"taxonomy":"tribe_events_cat","description":"","parent":0,"count":23,"filter":"raw","id":89,"urls":{"self":"https:\/\/grandissons.org\/index.php?rest_route=\/tribe\/events\/v1\/categories\/89","collection":"https:\/\/grandissons.org\/index.php?rest_route=\/tribe\/events\/v1\/categories"}}],"tags":[],"venue":{"id":1774,"author":"1","status":"publish","date":"2015-02-17 00:05:17","date_utc":"2015-02-16 23:05:17","modified":"2015-02-17 00:05:17","modified_utc":"2015-02-16 23:05:17","url":"https:\/\/grandissons.org\/?tribe_venue=quartier-bellet","venue":"Quartier Bellet","slug":"quartier-bellet","city":"NIce","json_ld":{"@type":"Place","name":"Quartier Bellet","description":"","url":"","address":{"@type":"PostalAddress","addressLocality":"NIce"},"telephone":"","sameAs":""},"show_map":true,"show_map_link":true,"global_id":"grandissons.org?id=1774","global_id_lineage":["grandissons.org?id=1774"]},"organizer":[{"id":1773,"author":"1","status":"publish","date":"2015-02-17 00:05:17","date_utc":"2015-02-16 23:05:17","modified":"2015-02-17 00:05:17","modified_utc":"2015-02-16 23:05:17","url":"https:\/\/grandissons.org\/?tribe_organizer=sara","organizer":"Sara","slug":"sara","json_ld":{"@type":"Person","name":"Sara","description":"","url":"","telephone":"","email":"","sameAs":""},"global_id":"grandissons.org?id=1773","global_id_lineage":["grandissons.org?id=1773"]}],"json_ld":{"@context":"http:\/\/schema.org","@type":"Event","name":"Les mini-grands \u00e0 Bellet","description":"&lt;p&gt;Des r\u00e9unions m\u00ealant discussions sur la parentalit\u00e9 et activit\u00e9s avec les enfants ! Une fois par mois, le\u00a0vendredi de 15h \u00e0 19h (repas du soir des enfants compris \u00e0 18h). Toutes les infos ici. Inscrivez-vous ! &nbsp;&lt;\/p&gt;\\n","url":"https:\/\/grandissons.org\/?tribe_events=les-mini-grands-a-bellet-4","eventAttendanceMode":"https:\/\/schema.org\/OfflineEventAttendanceMode","eventStatus":"https:\/\/schema.org\/EventScheduled","startDate":"2015-05-29T15:00:00+02:00","endDate":"2015-05-29T19:00:00+02:00","location":{"@type":"Place","name":"Quartier Bellet","description":"","url":"","address":{"@type":"PostalAddress","addressLocality":"NIce"},"telephone":"","sameAs":""},"organizer":{"@type":"Person","name":"Sara","description":"","url":"","telephone":"","email":"","sameAs":""},"performer":"Organization"}}